{"id":30379,"date":"2021-10-27T11:50:30","date_gmt":"2021-10-27T14:50:30","guid":{"rendered":"http:\/\/conurbanodiario.com.ar\/?p=30379"},"modified":"2021-11-01T05:33:41","modified_gmt":"2021-11-01T08:33:41","slug":"trabajadores-de-la-uocra-marchan-en-la-plata-en-reclamo-de-democracia-sindical","status":"publish","type":"post","link":"https:\/\/conurbanodiario.com.ar\/?p=30379","title":{"rendered":"TRABAJADORES DE LA UOCRA MARCHAN EN LA PLATA EN RECLAMO DE \u00abDEMOCRACIA SINDICAL\u00bb"},"content":{"rendered":"\n<p>Trabajadores de la Uni\u00f3n Obrera de la Construcci\u00f3n de la Rep\u00fablica Argentina (Uocra) enrolados en la lista \u00abBlanca y Azul\u00bb march\u00f3 esta ma\u00f1ana por las calles de La Plata en reclamo de elecciones y \u00abdemocratizaci\u00f3n sindical\u00bb en un gremio que se encuentra intervenido desde hace cuatro a\u00f1os.<\/p>\n\n\n\n<p>Se trata del sector que responde al dirigente Iv\u00e1n Tobar, enfrentado con Juan Pablo \u00abPata Medina\u00bb, que encabez\u00f3 durante a\u00f1os la regional de esa entidad sindical en la capital bonaerense, hasta que en 2017 termin\u00f3 detenido en una causa por corrupci\u00f3n, lo que deriv\u00f3 en una intervenci\u00f3n que a\u00fan persiste.<\/p>\n\n\n\n<p>El actual interventor, designado por la Justicia es el titular de la Uocra seccional Lomas de Zamora, Oscar Rizzo, y la agrupaci\u00f3n \u00abBlanca y Azul march\u00f3 en medio de estruendos y consignadas contrarias a Medina y favorables a una convocatoria a las urnas.<\/p>\n\n\n\n<p>La agrupaci\u00f3n que lidera Medina, denominada Peronista 22 de enero, se enfrent\u00f3 en varias ocasiones a la de Tobar.<\/p>\n\n\n\n<p>\u00abLa manifestaci\u00f3n es un apoyo a nuestro l\u00edder, y un mensaje a la sociedad, queremos decir basta al amiguismo (de las autoridades) con Medina\u00bb, afirm\u00f3 uno de los manifestantes en medio de la marcha por las calles de la capital provincial.<a href=\"javascript:void(0)\"><\/a><\/p>\n","protected":false},"excerpt":{"rendered":"<p>Trabajadores de la Uni\u00f3n Obrera de la Construcci\u00f3n de la Rep\u00fablica Argentina (Uocra) enrolados en&#8230;<\/p>\n","protected":false},"author":1,"featured_media":59656,"comment_status":"open","ping_status":"open","sticky":false,"template":"","format":"standard","meta":{"footnotes":""},"categories":[30],"tags":[],"class_list":["post-30379","post","type-post","status-publish","format-standard","has-post-thumbnail","hentry","category-gremiales"],"_links":{"self":[{"href":"https:\/\/conurbanodiario.com.ar\/index.php?rest_route=\/wp\/v2\/posts\/30379","targetHints":{"allow":["GET"]}}],"collection":[{"href":"https:\/\/conurbanodiario.com.ar\/index.php?rest_route=\/wp\/v2\/posts"}],"about":[{"href":"https:\/\/conurbanodiario.com.ar\/index.php?rest_route=\/wp\/v2\/types\/post"}],"author":[{"embeddable":true,"href":"https:\/\/conurbanodiario.com.ar\/index.php?rest_route=\/wp\/v2\/users\/1"}],"replies":[{"embeddable":true,"href":"https:\/\/conurbanodiario.com.ar\/index.php?rest_route=%2Fwp%2Fv2%2Fcomments&post=30379"}],"version-history":[{"count":1,"href":"https:\/\/conurbanodiario.com.ar\/index.php?rest_route=\/wp\/v2\/posts\/30379\/revisions"}],"predecessor-version":[{"id":30381,"href":"https:\/\/conurbanodiario.com.ar\/index.php?rest_route=\/wp\/v2\/posts\/30379\/revisions\/30381"}],"wp:featuredmedia":[{"embeddable":true,"href":"https:\/\/conurbanodiario.com.ar\/index.php?rest_route=\/wp\/v2\/media\/59656"}],"wp:attachment":[{"href":"https:\/\/conurbanodiario.com.ar\/index.php?rest_route=%2Fwp%2Fv2%2Fmedia&parent=30379"}],"wp:term":[{"taxonomy":"category","embeddable":true,"href":"https:\/\/conurbanodiario.com.ar\/index.php?rest_route=%2Fwp%2Fv2%2Fcategories&post=30379"},{"taxonomy":"post_tag","embeddable":true,"href":"https:\/\/conurbanodiario.com.ar\/index.php?rest_route=%2Fwp%2Fv2%2Ftags&post=30379"}],"curies":[{"name":"wp","href":"https:\/\/api.w.org\/{rel}","templated":true}]}}