{"id":30365,"date":"2021-10-27T11:14:55","date_gmt":"2021-10-27T14:14:55","guid":{"rendered":"http:\/\/conurbanodiario.com.ar\/?p=30365"},"modified":"2021-11-01T05:33:41","modified_gmt":"2021-11-01T08:33:41","slug":"randazzo-afirma-que-deben-sumarse-otras-voces-al-congreso-para-ampliar-los-debates","status":"publish","type":"post","link":"https:\/\/conurbanodiario.com.ar\/?p=30365","title":{"rendered":"RANDAZZO AFIRMA QUE DEBEN SUMARSE \u00abOTRAS VOCES\u00bb AL CONGRESO PARA \u00abAMPLIAR LOS DEBATES\u00bb"},"content":{"rendered":"\n<p>El primer candidato a diputado nacional por el espacio \u00abVamos con Vos\u00bb en provincia de Buenos Aires, Florencio Randazzo, asegur\u00f3 hoy que \u00abla campa\u00f1a va bien y es intensa\u00bb, y sostuvo que \u00ablo importarte\u00bb es que tras las elecciones del 14 de noviembre se \u00absumen otras voces\u00bb al Congreso \u00abpara ampliar los debates\u00bb<\/p>\n\n\n\n<p>\u00abTratamos de contar nuestras propuestas para ver si definitivamente podemos discutir entre los distintos candidatos cuales son los caminos de soluci\u00f3n. Es muy importante que se pueda poner en cuesti\u00f3n temas como el trabajo, la inflaci\u00f3n, la inseguridad, la educaci\u00f3n. Por eso debe haber en el parlamento otras voces para ampliar los debates\u00bb, se\u00f1al\u00f3 Randazzo en declaraciones para Radio Rivadavia.<\/p>\n\n\n\n<p>En referencia a la medida del Gobierno nacional que congela los precios de 1.430 productos, el candidato sostuvo que \u00abda la impresi\u00f3n que se reiteran decisiones que se han tomado en otro tiempo y han fracasado\u00bb.<\/p>\n\n\n\n<p>\u00abLa Argentina se niega a discutir un tema central como la inflaci\u00f3n, me parece que falta una discusi\u00f3n profunda e inteligencia para ponernos de acuerdo\u00bb, expres\u00f3.<\/p>\n\n\n\n<p>En este sentido, Randazzo propuso que se debata \u00abuna ley de estabilidad econ\u00f3mica\u00bb que \u00bb incluya a los empresarios y a los trabajadores, para que la argentina pueda transitar una inflaci\u00f3n razonable\u00bb.<\/p>\n\n\n\n<p>\u00abEsta demostrado que los pa\u00edses que tienen una inflaci\u00f3n superior al 20% no crecen, y la Argentina hace diez a\u00f1os que no crece\u00bb, se\u00f1al\u00f3.<\/p>\n\n\n\n<p>Por otro lado, en esa l\u00ednea, Randazzo respondi\u00f3 a los dichos del ministro de Econom\u00eda, Mart\u00edn Guzm\u00e1n, qui\u00e9n declar\u00f3 que aquellos que se oponen a esta medida son \u00abantipatrias\u00bb:<\/p>\n\n\n\n<p>\u00abA mi no me parece que eso contribuya a la soluci\u00f3n del problema que tiene la Argentina y mucho menos viniendo del ministro de Econom\u00eda, primero tenemos que definir que tipo de estado queremos. Siento que estas cosas est\u00e1n fuera del debate. A veces, la grieta impide discutir con seriedad\u00bb, concluy\u00f3.<\/p>\n\n\n\n<p>Vamos con Vos, sufri\u00f3 dos bajas en Lomas de Zamora, tras la salida de dos de sus candidatos, Lorena Oviedo y Federico Morante, que se pasaron al Frente de Todos (FdT) para sumarse a la campa\u00f1a con miras a las elecciones legislativas del 14 de noviembre.<\/p>\n","protected":false},"excerpt":{"rendered":"<p>El primer candidato a diputado nacional por el espacio \u00abVamos con Vos\u00bb en provincia de&#8230;<\/p>\n","protected":false},"author":1,"featured_media":59656,"comment_status":"open","ping_status":"open","sticky":false,"template":"","format":"standard","meta":{"footnotes":""},"categories":[35],"tags":[],"class_list":["post-30365","post","type-post","status-publish","format-standard","has-post-thumbnail","hentry","category-politica"],"_links":{"self":[{"href":"https:\/\/conurbanodiario.com.ar\/index.php?rest_route=\/wp\/v2\/posts\/30365","targetHints":{"allow":["GET"]}}],"collection":[{"href":"https:\/\/conurbanodiario.com.ar\/index.php?rest_route=\/wp\/v2\/posts"}],"about":[{"href":"https:\/\/conurbanodiario.com.ar\/index.php?rest_route=\/wp\/v2\/types\/post"}],"author":[{"embeddable":true,"href":"https:\/\/conurbanodiario.com.ar\/index.php?rest_route=\/wp\/v2\/users\/1"}],"replies":[{"embeddable":true,"href":"https:\/\/conurbanodiario.com.ar\/index.php?rest_route=%2Fwp%2Fv2%2Fcomments&post=30365"}],"version-history":[{"count":1,"href":"https:\/\/conurbanodiario.com.ar\/index.php?rest_route=\/wp\/v2\/posts\/30365\/revisions"}],"predecessor-version":[{"id":30366,"href":"https:\/\/conurbanodiario.com.ar\/index.php?rest_route=\/wp\/v2\/posts\/30365\/revisions\/30366"}],"wp:featuredmedia":[{"embeddable":true,"href":"https:\/\/conurbanodiario.com.ar\/index.php?rest_route=\/wp\/v2\/media\/59656"}],"wp:attachment":[{"href":"https:\/\/conurbanodiario.com.ar\/index.php?rest_route=%2Fwp%2Fv2%2Fmedia&parent=30365"}],"wp:term":[{"taxonomy":"category","embeddable":true,"href":"https:\/\/conurbanodiario.com.ar\/index.php?rest_route=%2Fwp%2Fv2%2Fcategories&post=30365"},{"taxonomy":"post_tag","embeddable":true,"href":"https:\/\/conurbanodiario.com.ar\/index.php?rest_route=%2Fwp%2Fv2%2Ftags&post=30365"}],"curies":[{"name":"wp","href":"https:\/\/api.w.org\/{rel}","templated":true}]}}