{"id":18803,"date":"2021-04-30T04:36:23","date_gmt":"2021-04-30T07:36:23","guid":{"rendered":"http:\/\/conurbanodiario.com.ar\/?p=18803"},"modified":"2021-05-04T02:30:08","modified_gmt":"2021-05-04T05:30:08","slug":"varela-intento-de-robo-en-centro-de-salud-de-villa-del-plata","status":"publish","type":"post","link":"https:\/\/conurbanodiario.com.ar\/?p=18803","title":{"rendered":"VARELA: INTENTO DE ROBO EN CENTRO DE SALUD DE VILLA DEL PLATA"},"content":{"rendered":"\n<p>La Secretar\u00eda de salud informa que, alrededor de las seis de la ma\u00f1ana de ayer, desconocidos ingresaron al Centro de salud del barrio Villa del Plata por una ventana de la administraci\u00f3n. Los mismos forzaron la reja y, aparentemente, escaparon por la puerta trasera para finalmente huir por los techos.<\/p>\n\n\n\n<p>Al escucharse ruidos en el techo de la parroquia cercana, se activ\u00f3 la alarma y dejaron todo lo robado en el techo. De esta manera, se encontraron en una bolsa dos equipos de computaci\u00f3n con monitores, CPU y teclados. Todo fue restituido al Centro.<\/p>\n\n\n\n<p>Al lugar del hecho, concurri\u00f3 personal de seguridad de la Comisar\u00eda Tercera de Senzabello y polic\u00eda cient\u00edfica. Finalmente, se hizo la denuncia correspondiente.<\/p>\n","protected":false},"excerpt":{"rendered":"<p>La Secretar\u00eda de salud informa que, alrededor de las seis de la ma\u00f1ana de ayer,&#8230;<\/p>\n","protected":false},"author":1,"featured_media":59656,"comment_status":"open","ping_status":"open","sticky":false,"template":"","format":"standard","meta":{"footnotes":""},"categories":[10],"tags":[],"class_list":["post-18803","post","type-post","status-publish","format-standard","has-post-thumbnail","hentry","category-seguridad"],"_links":{"self":[{"href":"https:\/\/conurbanodiario.com.ar\/index.php?rest_route=\/wp\/v2\/posts\/18803","targetHints":{"allow":["GET"]}}],"collection":[{"href":"https:\/\/conurbanodiario.com.ar\/index.php?rest_route=\/wp\/v2\/posts"}],"about":[{"href":"https:\/\/conurbanodiario.com.ar\/index.php?rest_route=\/wp\/v2\/types\/post"}],"author":[{"embeddable":true,"href":"https:\/\/conurbanodiario.com.ar\/index.php?rest_route=\/wp\/v2\/users\/1"}],"replies":[{"embeddable":true,"href":"https:\/\/conurbanodiario.com.ar\/index.php?rest_route=%2Fwp%2Fv2%2Fcomments&post=18803"}],"version-history":[{"count":1,"href":"https:\/\/conurbanodiario.com.ar\/index.php?rest_route=\/wp\/v2\/posts\/18803\/revisions"}],"predecessor-version":[{"id":18805,"href":"https:\/\/conurbanodiario.com.ar\/index.php?rest_route=\/wp\/v2\/posts\/18803\/revisions\/18805"}],"wp:featuredmedia":[{"embeddable":true,"href":"https:\/\/conurbanodiario.com.ar\/index.php?rest_route=\/wp\/v2\/media\/59656"}],"wp:attachment":[{"href":"https:\/\/conurbanodiario.com.ar\/index.php?rest_route=%2Fwp%2Fv2%2Fmedia&parent=18803"}],"wp:term":[{"taxonomy":"category","embeddable":true,"href":"https:\/\/conurbanodiario.com.ar\/index.php?rest_route=%2Fwp%2Fv2%2Fcategories&post=18803"},{"taxonomy":"post_tag","embeddable":true,"href":"https:\/\/conurbanodiario.com.ar\/index.php?rest_route=%2Fwp%2Fv2%2Ftags&post=18803"}],"curies":[{"name":"wp","href":"https:\/\/api.w.org\/{rel}","templated":true}]}}