{"id":17063,"date":"2021-04-01T01:08:00","date_gmt":"2021-04-01T04:08:00","guid":{"rendered":"http:\/\/conurbanodiario.com.ar\/?p=17063"},"modified":"2021-04-05T04:41:37","modified_gmt":"2021-04-05T07:41:37","slug":"independiente-llamo-a-aguero-pero-por-ahora-no-volvera-al-club-de-avellaneda","status":"publish","type":"post","link":"https:\/\/conurbanodiario.com.ar\/?p=17063","title":{"rendered":"INDEPENDIENTE LLAM\u00d3 A AG\u00dcERO PERO \u00abPOR AHORA\u00bb NO VOLVER\u00c1 AL CLUB DE AVELLANEDA"},"content":{"rendered":"\n<p>Pablo Moyano, vicepresidente primero de Independiente, revel\u00f3 que Hugo, su padre y presidente del club, iba a comunicarse con Sergio \u00abKun\u00bb Ag\u00fcero para confirmar la intenci\u00f3n de repatriarlo cuando finalice su contrato con Manchester City en junio pr\u00f3ximo, pero la respuesta del delantero fue negativa \u00abpor ahora\u00bb, ya que pretende seguir jugando en Europa por lo menos hasta despu\u00e9s del Mundial de Qatar 2022.<\/p>\n\n\n\n<p>\u00abHugo lo est\u00e1 llamando, esperemos que conteste. En el transcurso del d\u00eda van a charlar\u00bb, hab\u00eda adelantado Pablo Moyano, en declaraciones a Radio 10, respecto del llamado de su padre.<\/p>\n\n\n\n<p>Pero el vicepresidente del \u00abrojo\u00bb, sin embargo, aclar\u00f3 que si bien todos estaban \u00abentusiasmados\u00bb con la posibilidad del regreso de Ag\u00fcero, era \u00abimposible traer un jugador de esa jerarqu\u00eda\u00bb.<\/p>\n\n\n\n<p>\u00abEs que cada vez se complica m\u00e1s porque cuando lo vamos a buscar mete m\u00e1s goles. Ojal\u00e1 se tomara un avi\u00f3n y se entrenara el domingo\u00bb, dese\u00f3 Pablo Moyano.<\/p>\n\n\n\n<p>Moyano tambi\u00e9n desminti\u00f3 que Ag\u00fcero no elija volver en este momento por una mala relaci\u00f3n con la actual dirigencia. \u00abTenemos una buena relaci\u00f3n con el &#8216;Kun'\u00bb, asegur\u00f3 el vicepresidente primero.<\/p>\n","protected":false},"excerpt":{"rendered":"<p>Pablo Moyano, vicepresidente primero de Independiente, revel\u00f3 que Hugo, su padre y presidente del club,&#8230;<\/p>\n","protected":false},"author":1,"featured_media":59656,"comment_status":"open","ping_status":"open","sticky":false,"template":"","format":"standard","meta":{"footnotes":""},"categories":[32],"tags":[],"class_list":["post-17063","post","type-post","status-publish","format-standard","has-post-thumbnail","hentry","category-deportes"],"_links":{"self":[{"href":"https:\/\/conurbanodiario.com.ar\/index.php?rest_route=\/wp\/v2\/posts\/17063","targetHints":{"allow":["GET"]}}],"collection":[{"href":"https:\/\/conurbanodiario.com.ar\/index.php?rest_route=\/wp\/v2\/posts"}],"about":[{"href":"https:\/\/conurbanodiario.com.ar\/index.php?rest_route=\/wp\/v2\/types\/post"}],"author":[{"embeddable":true,"href":"https:\/\/conurbanodiario.com.ar\/index.php?rest_route=\/wp\/v2\/users\/1"}],"replies":[{"embeddable":true,"href":"https:\/\/conurbanodiario.com.ar\/index.php?rest_route=%2Fwp%2Fv2%2Fcomments&post=17063"}],"version-history":[{"count":1,"href":"https:\/\/conurbanodiario.com.ar\/index.php?rest_route=\/wp\/v2\/posts\/17063\/revisions"}],"predecessor-version":[{"id":17065,"href":"https:\/\/conurbanodiario.com.ar\/index.php?rest_route=\/wp\/v2\/posts\/17063\/revisions\/17065"}],"wp:featuredmedia":[{"embeddable":true,"href":"https:\/\/conurbanodiario.com.ar\/index.php?rest_route=\/wp\/v2\/media\/59656"}],"wp:attachment":[{"href":"https:\/\/conurbanodiario.com.ar\/index.php?rest_route=%2Fwp%2Fv2%2Fmedia&parent=17063"}],"wp:term":[{"taxonomy":"category","embeddable":true,"href":"https:\/\/conurbanodiario.com.ar\/index.php?rest_route=%2Fwp%2Fv2%2Fcategories&post=17063"},{"taxonomy":"post_tag","embeddable":true,"href":"https:\/\/conurbanodiario.com.ar\/index.php?rest_route=%2Fwp%2Fv2%2Ftags&post=17063"}],"curies":[{"name":"wp","href":"https:\/\/api.w.org\/{rel}","templated":true}]}}