{"id":16948,"date":"2021-04-01T01:05:00","date_gmt":"2021-04-01T04:05:00","guid":{"rendered":"http:\/\/conurbanodiario.com.ar\/?p=16948"},"modified":"2021-04-05T04:41:36","modified_gmt":"2021-04-05T07:41:36","slug":"hay-muchos-destinos-con-el-100-de-ocupacion-dijo-el-presidente-de-la-camara-de-turismo","status":"publish","type":"post","link":"https:\/\/conurbanodiario.com.ar\/?p=16948","title":{"rendered":"\u00abHAY MUCHOS DESTINOS CON EL 100% DE OCUPACI\u00d3N\u00bb, DIJO EL PRESIDENTE DE LA C\u00c1MARA DE TURISMO"},"content":{"rendered":"\n<p>El presidente de la C\u00e1mara Argentina de Turismo, Aldo El\u00edas, dijo que se aguarda una \u201cSemana Santa con mucho movimiento\u201d y destac\u00f3 que \u00abhay muchos destinos con el 100% de ocupaci\u00f3n\u00bb.<\/p>\n\n\n\n<p>\u201cHay muchos destinos con el 100% de ocupaci\u00f3n en todo el pa\u00eds\u201d y se\u00f1al\u00f3 que se van a utilizar los mismos protocolos que \u201ctanto \u00e9xito dieron en la temporada de verano\u201d.<\/p>\n\n\n\n<p>\u201cPara viajar en Semana Santa hay que cumplir con los 4 preceptos que indica el Ministerio de Salud desde marzo del a\u00f1o pasado: mantener la distancia social, usar barbijo o tapabocas, la higiene permanente de manos y ventilar todos los ambientes\u201d, asever\u00f3 El\u00edas en declaraciones a radio Provincia.<\/p>\n\n\n\n<p>El\u00edas destac\u00f3, por otra parte, que en la \u00faltima reuni\u00f3n los representantes del gobierno se mostraron \u201cconfiados en que la actividad tur\u00edstica se puede desarrollar con normalidad, entendiendo por normalidad lo que significa convivir con el Covid-19 en pandemia.<\/p>\n\n\n\n<p>Finalmente, remarc\u00f3 que si alg\u00fan turista compr\u00f3 un viaje y decide no viajar por el incremento de casos, deber\u00eda poder \u201ccancelar o reprogramar\u201d.<\/p>\n","protected":false},"excerpt":{"rendered":"<p>El presidente de la C\u00e1mara Argentina de Turismo, Aldo El\u00edas, dijo que se aguarda una&#8230;<\/p>\n","protected":false},"author":1,"featured_media":59656,"comment_status":"open","ping_status":"open","sticky":false,"template":"","format":"standard","meta":{"footnotes":""},"categories":[5],"tags":[],"class_list":["post-16948","post","type-post","status-publish","format-standard","has-post-thumbnail","hentry","category-el-pais"],"_links":{"self":[{"href":"https:\/\/conurbanodiario.com.ar\/index.php?rest_route=\/wp\/v2\/posts\/16948","targetHints":{"allow":["GET"]}}],"collection":[{"href":"https:\/\/conurbanodiario.com.ar\/index.php?rest_route=\/wp\/v2\/posts"}],"about":[{"href":"https:\/\/conurbanodiario.com.ar\/index.php?rest_route=\/wp\/v2\/types\/post"}],"author":[{"embeddable":true,"href":"https:\/\/conurbanodiario.com.ar\/index.php?rest_route=\/wp\/v2\/users\/1"}],"replies":[{"embeddable":true,"href":"https:\/\/conurbanodiario.com.ar\/index.php?rest_route=%2Fwp%2Fv2%2Fcomments&post=16948"}],"version-history":[{"count":1,"href":"https:\/\/conurbanodiario.com.ar\/index.php?rest_route=\/wp\/v2\/posts\/16948\/revisions"}],"predecessor-version":[{"id":16950,"href":"https:\/\/conurbanodiario.com.ar\/index.php?rest_route=\/wp\/v2\/posts\/16948\/revisions\/16950"}],"wp:featuredmedia":[{"embeddable":true,"href":"https:\/\/conurbanodiario.com.ar\/index.php?rest_route=\/wp\/v2\/media\/59656"}],"wp:attachment":[{"href":"https:\/\/conurbanodiario.com.ar\/index.php?rest_route=%2Fwp%2Fv2%2Fmedia&parent=16948"}],"wp:term":[{"taxonomy":"category","embeddable":true,"href":"https:\/\/conurbanodiario.com.ar\/index.php?rest_route=%2Fwp%2Fv2%2Fcategories&post=16948"},{"taxonomy":"post_tag","embeddable":true,"href":"https:\/\/conurbanodiario.com.ar\/index.php?rest_route=%2Fwp%2Fv2%2Ftags&post=16948"}],"curies":[{"name":"wp","href":"https:\/\/api.w.org\/{rel}","templated":true}]}}