{"id":12784,"date":"2020-12-30T10:08:20","date_gmt":"2020-12-30T13:08:20","guid":{"rendered":"http:\/\/conurbanodiario.com.ar\/?p=12784"},"modified":"2021-01-03T15:55:23","modified_gmt":"2021-01-03T18:55:23","slug":"cantos-baile-y-lagrimas-de-emocion-en-los-festejos-en-argentina-por-la-legalizacion-del-aborto","status":"publish","type":"post","link":"https:\/\/conurbanodiario.com.ar\/?p=12784","title":{"rendered":"CANTOS, BAILE Y L\u00c1GRIMAS DE EMOCI\u00d3N EN LOS FESTEJOS EN ARGENTINA POR LA LEGALIZACI\u00d3N DEL ABORTO"},"content":{"rendered":"\n<p>\u00abEstamos viviendo el momento hist\u00f3rico en que nuestra lucha se convirti\u00f3 en ley\u00bb dicen en esta madrugada argentina integrantes de la Campa\u00f1a por el Derecho al Aborto Legal, Seguro y Gratuito, en los inicios de los festejos en el Congreso por la legalizaci\u00f3n de la interrupci\u00f3n voluntaria del embarazo (IVE).<\/p>\n\n\n\n<p>El distintivo verde que identifica la lucha por el derecho al aborto legal en Argentina ilumina esta madrugada la c\u00fapula del Parlamento nacional, donde el Senado convirti\u00f3 en ley la IVE, mientras miles de personas cantan y bailan para festejar la aprobaci\u00f3n de la norma.<\/p>\n\n\n\n<p>Dirigentes hist\u00f3ricas de la Campa\u00f1a por el Derecho al Aborto Legal, Seguro y Gratuito que transitan sus setenta y tantos a\u00f1os, se permitieron bailar junto a la j\u00f3venes.<\/p>\n\n\n\n<p>\u00abPoder, poder, poder popular \/ Luchar con la compa\u00f1era le gusta a ustedes\u2026 \/ Y ahora que estamos juntas \/ Y ahora que s\u00ed nos ven \/ abajo el patriarcado, se va a caer, se va a caer\u2026 \/ y \u00a1arriba el feminismo que va a vencer!\u00bb, la canci\u00f3n insignia de la lucha por el derecho al aborto son\u00f3 fuerte en la madrugada argentina.<\/p>\n\n\n\n<p>Majo Corval\u00e1n, con la voz quebrada por la emoci\u00f3n, dijo a T\u00e9lam que hoy se plasman \u00ab15 a\u00f1os de organizaci\u00f3n\u00bb desde la Campa\u00f1a.<\/p>\n\n\n\n<p>\u00abTrabajamos 14 horas por d\u00eda, elaborando argumentos, contenidos, haciendo redes; son 15 a\u00f1os de padecer cada vez que nos enter\u00e1bamos que una piba se mor\u00eda\u00bb, comparti\u00f3 la dirigente feminista.<\/p>\n\n\n\n<p>\u00abVamos a descansar y a organizarnos para que se aplique la ley en todo el pa\u00eds, los antiderechos vienen por nuestros derechos\u00bb, a\u00f1adi\u00f3.<\/p>\n\n\n\n<p>Llantos, abrazos y aplausos de las j\u00f3venes, grandes protagonistas en los \u00faltimos dos a\u00f1os del reclamo en las calles, completaron un cuadro que era esperado con ansiedad por un sector del pa\u00eds: el pleno acceso al derecho al aborto.<\/p>\n\n\n\n<p>Para Lorena de Socorristas en Red, la ley \u00abes un cambio enorme en las pr\u00e1cticas abortivas, significa ser, por fin, un pa\u00eds en serio\u00bb.<\/p>\n\n\n\n<p>Y consider\u00f3 que \u00abeste cambio no se para con nada\u00bb.<\/p>\n\n\n\n<p>A su lado, Vanina llora y abraza a sus compa\u00f1eras, mientras se mezclan sus cabellos violetas y el glister del rostro y las flores de su cabeza.<\/p>\n\n\n\n<p>\u00abHoy somos mas libres\u00bb, coment\u00f3 a T\u00e9lam, y consider\u00f3 que \u00abvali\u00f3 la pena cada lucha\u00bb.<\/p>\n\n\n\n<p>Record\u00f3 especialmente a Ana Mar\u00eda Acevedo, que muri\u00f3 en 2007 en Santa Fe donde se le neg\u00f3 el acceso al aborto no punible mientras conviv\u00eda con c\u00e1ncer.<\/p>\n\n\n\n<p>\u00abEn ella, homenajear a todas las que murieron por abortos clandestinos o se les neg\u00f3 el derecho\u00bb, resalt\u00f3 Vanina.<\/p>\n\n\n\n<p>Desde el escenario de la Campa\u00f1a resaltaron que \u201cYa no ser\u00e1 ley, es ley. Despu\u00e9s de 15 a\u00f1os de lucha\u00bb e invitaron a desconcentrar con \u00abalegr\u00eda y tranquilidad\u00bb.<\/p>\n","protected":false},"excerpt":{"rendered":"<p>\u00abEstamos viviendo el momento hist\u00f3rico en que nuestra lucha se convirti\u00f3 en ley\u00bb dicen en&#8230;<\/p>\n","protected":false},"author":1,"featured_media":59656,"comment_status":"open","ping_status":"open","sticky":false,"template":"","format":"standard","meta":{"footnotes":""},"categories":[1],"tags":[],"class_list":["post-12784","post","type-post","status-publish","format-standard","has-post-thumbnail","hentry","category-noticia-del-dia"],"_links":{"self":[{"href":"https:\/\/conurbanodiario.com.ar\/index.php?rest_route=\/wp\/v2\/posts\/12784","targetHints":{"allow":["GET"]}}],"collection":[{"href":"https:\/\/conurbanodiario.com.ar\/index.php?rest_route=\/wp\/v2\/posts"}],"about":[{"href":"https:\/\/conurbanodiario.com.ar\/index.php?rest_route=\/wp\/v2\/types\/post"}],"author":[{"embeddable":true,"href":"https:\/\/conurbanodiario.com.ar\/index.php?rest_route=\/wp\/v2\/users\/1"}],"replies":[{"embeddable":true,"href":"https:\/\/conurbanodiario.com.ar\/index.php?rest_route=%2Fwp%2Fv2%2Fcomments&post=12784"}],"version-history":[{"count":1,"href":"https:\/\/conurbanodiario.com.ar\/index.php?rest_route=\/wp\/v2\/posts\/12784\/revisions"}],"predecessor-version":[{"id":12786,"href":"https:\/\/conurbanodiario.com.ar\/index.php?rest_route=\/wp\/v2\/posts\/12784\/revisions\/12786"}],"wp:featuredmedia":[{"embeddable":true,"href":"https:\/\/conurbanodiario.com.ar\/index.php?rest_route=\/wp\/v2\/media\/59656"}],"wp:attachment":[{"href":"https:\/\/conurbanodiario.com.ar\/index.php?rest_route=%2Fwp%2Fv2%2Fmedia&parent=12784"}],"wp:term":[{"taxonomy":"category","embeddable":true,"href":"https:\/\/conurbanodiario.com.ar\/index.php?rest_route=%2Fwp%2Fv2%2Fcategories&post=12784"},{"taxonomy":"post_tag","embeddable":true,"href":"https:\/\/conurbanodiario.com.ar\/index.php?rest_route=%2Fwp%2Fv2%2Ftags&post=12784"}],"curies":[{"name":"wp","href":"https:\/\/api.w.org\/{rel}","templated":true}]}}