{"id":12481,"date":"2020-12-25T04:02:00","date_gmt":"2020-12-25T07:02:00","guid":{"rendered":"http:\/\/conurbanodiario.com.ar\/?p=12481"},"modified":"2021-01-03T15:45:12","modified_gmt":"2021-01-03T18:45:12","slug":"berazategui-en-un-libro-internacional-sobre-salud","status":"publish","type":"post","link":"https:\/\/conurbanodiario.com.ar\/?p=12481","title":{"rendered":"BERAZATEGUI EN UN LIBRO INTERNACIONAL SOBRE SALUD"},"content":{"rendered":"\n<p><strong>El \u00c1rea de Materno Infantil de la Secretar\u00eda de Salud P\u00fablica e Higiene berazateguense particip\u00f3 de la escritura de un libro internacional denominado \u201cPoder, circulaci\u00f3n y comunidades en Am\u00e9rica del Sur. Reflexiones te\u00f3rico-metodol\u00f3gicas desde el an\u00e1lisis de redes sociales\u201d. En \u00e9l, se desarrolla el trabajo de atenci\u00f3n de Salud en Red: \u00abcirculaci\u00f3n de pacientes pedi\u00e1tricos en la regi\u00f3n del sudeste bonaerense\u201d que, en conjunto, llevan adelante los Municipios de Berazategui, Quilmes, Florencio Varela y Almirante Brown.<\/strong><\/p>\n\n\n\n<p>La directora de Materno Infantil local, Dra. Estela Valiente, se\u00f1al\u00f3: \u201cEste libro es una herramienta abierta y gratuita para todos aquellos que quieran interiorizarse sobre el trabajo en red. Se trata de pensar en el futuro y dejarle nuestra experiencia a las pr\u00f3ximas generaciones\u201d.<\/p>\n\n\n\n<p>En el mismo sentido, inform\u00f3: \u201cHace 4 a\u00f1os que empezamos a trabajar en red con otros Municipios y, una vez m\u00e1s, se demuestra que se puede hacer much\u00edsimo desde la salud p\u00fablica. En nuestro caso, trabajamos en el primer nivel de atenci\u00f3n, del \u00e1rea de pediatr\u00eda. En el libro volcamos nuestro trabajo en el territorio y c\u00f3mo hacemos el seguimiento de los pacientes\u201d.<\/p>\n\n\n\n<p>Por \u00faltimo, Valiente destac\u00f3: \u201cEs un privilegio representar al Municipio de Berazategui y formar parte de esta etapa hist\u00f3rica de la Ciudad\u201d.<\/p>\n","protected":false},"excerpt":{"rendered":"<p>El \u00c1rea de Materno Infantil de la Secretar\u00eda de Salud P\u00fablica e Higiene berazateguense particip\u00f3&#8230;<\/p>\n","protected":false},"author":1,"featured_media":59656,"comment_status":"open","ping_status":"open","sticky":false,"template":"","format":"standard","meta":{"footnotes":""},"categories":[1,31],"tags":[],"class_list":["post-12481","post","type-post","status-publish","format-standard","has-post-thumbnail","hentry","category-noticia-del-dia","category-salud"],"_links":{"self":[{"href":"https:\/\/conurbanodiario.com.ar\/index.php?rest_route=\/wp\/v2\/posts\/12481","targetHints":{"allow":["GET"]}}],"collection":[{"href":"https:\/\/conurbanodiario.com.ar\/index.php?rest_route=\/wp\/v2\/posts"}],"about":[{"href":"https:\/\/conurbanodiario.com.ar\/index.php?rest_route=\/wp\/v2\/types\/post"}],"author":[{"embeddable":true,"href":"https:\/\/conurbanodiario.com.ar\/index.php?rest_route=\/wp\/v2\/users\/1"}],"replies":[{"embeddable":true,"href":"https:\/\/conurbanodiario.com.ar\/index.php?rest_route=%2Fwp%2Fv2%2Fcomments&post=12481"}],"version-history":[{"count":1,"href":"https:\/\/conurbanodiario.com.ar\/index.php?rest_route=\/wp\/v2\/posts\/12481\/revisions"}],"predecessor-version":[{"id":12483,"href":"https:\/\/conurbanodiario.com.ar\/index.php?rest_route=\/wp\/v2\/posts\/12481\/revisions\/12483"}],"wp:featuredmedia":[{"embeddable":true,"href":"https:\/\/conurbanodiario.com.ar\/index.php?rest_route=\/wp\/v2\/media\/59656"}],"wp:attachment":[{"href":"https:\/\/conurbanodiario.com.ar\/index.php?rest_route=%2Fwp%2Fv2%2Fmedia&parent=12481"}],"wp:term":[{"taxonomy":"category","embeddable":true,"href":"https:\/\/conurbanodiario.com.ar\/index.php?rest_route=%2Fwp%2Fv2%2Fcategories&post=12481"},{"taxonomy":"post_tag","embeddable":true,"href":"https:\/\/conurbanodiario.com.ar\/index.php?rest_route=%2Fwp%2Fv2%2Ftags&post=12481"}],"curies":[{"name":"wp","href":"https:\/\/api.w.org\/{rel}","templated":true}]}}