{"id":82011,"date":"2026-03-10T01:08:57","date_gmt":"2026-03-10T04:08:57","guid":{"rendered":"https:\/\/conurbanodiario.com.ar\/?p=82011"},"modified":"2026-03-30T01:53:58","modified_gmt":"2026-03-30T04:53:58","slug":"jornada-de-trabajo-en-la-primaria-n-9-de-berazategui","status":"publish","type":"post","link":"http:\/\/conurbanodiario.com.ar\/?p=82011","title":{"rendered":"JORNADA DE TRABAJO EN LA PRIMARIA N\u00b0 9 DE BERAZATEGUI"},"content":{"rendered":"\n<p><strong>Se realiz\u00f3 una jornada de trabajo en la Escuela Primaria N\u00b0 9, donde consejeros escolares, docentes, vecinos y vecinas realizaron tareas de pintura. El objetivo fue embellecer la instituci\u00f3n que este a\u00f1o celebra su centenario.<br><\/strong><br>Al respecto, la directora del establecimiento educativo, Carolina Serloni, afirm\u00f3: \u201cEl 21 de abril cumplimos 100 a\u00f1os, as\u00ed que estamos embelleciendo nuestra escuela. Gracias a la Municipalidad y al Consejo Escolar por acompa\u00f1arnos siempre en lo que necesitamos\u201d.<\/p>\n\n\n\n<p>En Berazategui, estas jornadas comenzaron a realizarse hace muchos a\u00f1os por iniciativa del Dr. Juan Jos\u00e9 Mussi y hoy contin\u00faan por impulso del intendente Carlos Balor.<\/p>\n\n\n\n<p>Acompa\u00f1aron las tareas: el secretario de Cultura y Educaci\u00f3n del Municipio, Federico L\u00f3pez; y el presidente del Consejo Escolar, Fernando Cardozo, adem\u00e1s de otros consejeros escolares.<\/p>\n","protected":false},"excerpt":{"rendered":"<p>Se realiz\u00f3 una jornada de trabajo en la Escuela Primaria N\u00b0 9, donde consejeros escolares,&#8230;<\/p>\n","protected":false},"author":1,"featured_media":82012,"comment_status":"closed","ping_status":"closed","sticky":false,"template":"","format":"standard","meta":{"footnotes":""},"categories":[27],"tags":[],"class_list":["post-82011","post","type-post","status-publish","format-standard","has-post-thumbnail","hentry","category-educacion"],"_links":{"self":[{"href":"http:\/\/conurbanodiario.com.ar\/index.php?rest_route=\/wp\/v2\/posts\/82011","targetHints":{"allow":["GET"]}}],"collection":[{"href":"http:\/\/conurbanodiario.com.ar\/index.php?rest_route=\/wp\/v2\/posts"}],"about":[{"href":"http:\/\/conurbanodiario.com.ar\/index.php?rest_route=\/wp\/v2\/types\/post"}],"author":[{"embeddable":true,"href":"http:\/\/conurbanodiario.com.ar\/index.php?rest_route=\/wp\/v2\/users\/1"}],"replies":[{"embeddable":true,"href":"http:\/\/conurbanodiario.com.ar\/index.php?rest_route=%2Fwp%2Fv2%2Fcomments&post=82011"}],"version-history":[{"count":1,"href":"http:\/\/conurbanodiario.com.ar\/index.php?rest_route=\/wp\/v2\/posts\/82011\/revisions"}],"predecessor-version":[{"id":82013,"href":"http:\/\/conurbanodiario.com.ar\/index.php?rest_route=\/wp\/v2\/posts\/82011\/revisions\/82013"}],"wp:featuredmedia":[{"embeddable":true,"href":"http:\/\/conurbanodiario.com.ar\/index.php?rest_route=\/wp\/v2\/media\/82012"}],"wp:attachment":[{"href":"http:\/\/conurbanodiario.com.ar\/index.php?rest_route=%2Fwp%2Fv2%2Fmedia&parent=82011"}],"wp:term":[{"taxonomy":"category","embeddable":true,"href":"http:\/\/conurbanodiario.com.ar\/index.php?rest_route=%2Fwp%2Fv2%2Fcategories&post=82011"},{"taxonomy":"post_tag","embeddable":true,"href":"http:\/\/conurbanodiario.com.ar\/index.php?rest_route=%2Fwp%2Fv2%2Ftags&post=82011"}],"curies":[{"name":"wp","href":"https:\/\/api.w.org\/{rel}","templated":true}]}}