{"id":82002,"date":"2026-03-06T13:02:00","date_gmt":"2026-03-06T16:02:00","guid":{"rendered":"https:\/\/conurbanodiario.com.ar\/?p=82002"},"modified":"2026-03-30T01:03:25","modified_gmt":"2026-03-30T04:03:25","slug":"varela-el-mercado-municipal-con-precios-mayoristas","status":"publish","type":"post","link":"http:\/\/conurbanodiario.com.ar\/?p=82002","title":{"rendered":"VARELA: EL MERCADO MUNICIPAL CON PRECIOS MAYORISTAS"},"content":{"rendered":"\n<p>El Ejecutivo local planifica una fecha especial con alimentos y productos frescos a menores costos en el establecimiento comercial ubicado en la calle 1110, entre Diagonal Los Quilmes y Diagonal Los Diaguitas -La Carolina 5- el pr\u00f3ximo s\u00e1bado 7 de marzo de 9 a 18 hs.<\/p>\n\n\n\n<p>El secretario de Industria y Desarrollo Productivo -Ricardo de la Fuente- describe \u201cuna pol\u00edtica impulsada por el intendente, Andr\u00e9s Watson, que permite a prestadores vender al p\u00fablico mercanc\u00eda en vol\u00famenes m\u00e1s grandes a valores mayoristas\u201d.<\/p>\n\n\n\n<p>\u201cDada la crisis econ\u00f3mica, son muchos los vecinos y vecinas que tienen que abrir un almac\u00e9n o kiosco en sus hogares para generar un ingreso m\u00e1s. La idea del Municipio es que puedan adquirir bienes de calidad a precios m\u00e1s accesibles\u201d, comparte el funcionario.<\/p>\n\n\n\n<p>Dami\u00e1n Rojas, frentista de los alrededores, subraya: \u201cAc\u00e1 encontramos de todo y m\u00e1s barato que en otros negocios. Es maravilloso contar con un lugar as\u00ed cerca de casa y no tener que ir m\u00e1s lejos para comprar\u201d.<\/p>\n\n\n\n<p>Adem\u00e1s, estar\u00e1 disponible el reintegro del 40% con Cuenta DNI.<\/p>\n","protected":false},"excerpt":{"rendered":"<p>El Ejecutivo local planifica una fecha especial con alimentos y productos frescos a menores costos&#8230;<\/p>\n","protected":false},"author":1,"featured_media":82003,"comment_status":"closed","ping_status":"closed","sticky":false,"template":"","format":"standard","meta":{"footnotes":""},"categories":[3],"tags":[],"class_list":["post-82002","post","type-post","status-publish","format-standard","has-post-thumbnail","hentry","category-informacion-general"],"_links":{"self":[{"href":"http:\/\/conurbanodiario.com.ar\/index.php?rest_route=\/wp\/v2\/posts\/82002","targetHints":{"allow":["GET"]}}],"collection":[{"href":"http:\/\/conurbanodiario.com.ar\/index.php?rest_route=\/wp\/v2\/posts"}],"about":[{"href":"http:\/\/conurbanodiario.com.ar\/index.php?rest_route=\/wp\/v2\/types\/post"}],"author":[{"embeddable":true,"href":"http:\/\/conurbanodiario.com.ar\/index.php?rest_route=\/wp\/v2\/users\/1"}],"replies":[{"embeddable":true,"href":"http:\/\/conurbanodiario.com.ar\/index.php?rest_route=%2Fwp%2Fv2%2Fcomments&post=82002"}],"version-history":[{"count":1,"href":"http:\/\/conurbanodiario.com.ar\/index.php?rest_route=\/wp\/v2\/posts\/82002\/revisions"}],"predecessor-version":[{"id":82004,"href":"http:\/\/conurbanodiario.com.ar\/index.php?rest_route=\/wp\/v2\/posts\/82002\/revisions\/82004"}],"wp:featuredmedia":[{"embeddable":true,"href":"http:\/\/conurbanodiario.com.ar\/index.php?rest_route=\/wp\/v2\/media\/82003"}],"wp:attachment":[{"href":"http:\/\/conurbanodiario.com.ar\/index.php?rest_route=%2Fwp%2Fv2%2Fmedia&parent=82002"}],"wp:term":[{"taxonomy":"category","embeddable":true,"href":"http:\/\/conurbanodiario.com.ar\/index.php?rest_route=%2Fwp%2Fv2%2Fcategories&post=82002"},{"taxonomy":"post_tag","embeddable":true,"href":"http:\/\/conurbanodiario.com.ar\/index.php?rest_route=%2Fwp%2Fv2%2Ftags&post=82002"}],"curies":[{"name":"wp","href":"https:\/\/api.w.org\/{rel}","templated":true}]}}