{"id":81995,"date":"2026-03-06T12:56:00","date_gmt":"2026-03-06T15:56:00","guid":{"rendered":"https:\/\/conurbanodiario.com.ar\/?p=81995"},"modified":"2026-03-30T00:57:33","modified_gmt":"2026-03-30T03:57:33","slug":"lanus-gobierno-realizara-otra-edicion-de-la-tradicional-feria-de-artesanias","status":"publish","type":"post","link":"http:\/\/conurbanodiario.com.ar\/?p=81995","title":{"rendered":"LAN\u00daS GOBIERNO REALIZAR\u00c1 OTRA EDICI\u00d3N DE LA TRADICIONAL FERIA DE ARTESAN\u00cdAS"},"content":{"rendered":"\n<p>Lan\u00fas Gobierno informa que desde este viernes 6 y hasta el domingo 8 de marzo, se llevar\u00e1 adelante una nueva edici\u00f3n de la Feria de Artesan\u00edas, Paseo de Compras y Puestos Gastron\u00f3micos en diversos espacios p\u00fablicos del distrito, con la finalidad de que las vecinas y los vecinos puedan conseguir productos dise\u00f1ados y elaborados por las emprendedoras y los emprendedores lanusenses a precios populares.<\/p>\n\n\n\n<p>La Feria de Artesan\u00edas estar\u00e1 ubicada durante el viernes y el s\u00e1bado en las plazas Constituci\u00f3n (avenida Tte. Gral. Juan Domingo Per\u00f3n N\u00b0 3000, Valent\u00edn Alsina, de 11 a 19:30), Sarmiento (avenida 9 de Julio N\u00b0 1900, Lan\u00fas Este, de 11 a 19:30) y Mariano Moreno (avenida Hip\u00f3lito Yrigoyen N\u00b0 6200, Remedios de Escalada, de 10 a 21).<\/p>\n\n\n\n<p>A su vez, este viernes, s\u00e1bado y domingo, de 11 a 00, la Feria de Emprendimientos y Puestos Gastron\u00f3micos se encontrar\u00e1 en las plazas Ricardo Rojas (Bustamente N\u00b0 900, Gerli), Constituci\u00f3n y San Mart\u00edn (Santiago Plaul N\u00b01900, Lan\u00fas Oeste).<\/p>\n\n\n\n<p>Durante el s\u00e1bado tambi\u00e9n estar\u00e1n abiertos al p\u00fablico los Paseos de Compras Auyero (Parque Central Las Colonias en C\u00f3rdoba N\u00b0 2300, Remedios de Escalada, de 9 a 20), 29 de Septiembre (29 de Septiembre N\u00b0 2100, Lan\u00fas Este, de 10 a 18) y Del Oeste (Joaqu\u00edn V. Gonz\u00e1lez N\u00b0 2900, Lan\u00fas Oeste, de 13 a 16:30).<\/p>\n\n\n\n<p>Por otro lado, el domingo la Feria de Artesan\u00edas se har\u00e1 en las plazas Constituci\u00f3n de 11 a 19:30 y Mariano Moreno de 10 a 21, mientras que el Paseo de Compras Auyero funcionar\u00e1 de 9 a 20.<\/p>\n\n\n\n<p>Cabe recordar que, en caso de lluvia, las actividades quedar\u00e1n suspendidas.<\/p>\n","protected":false},"excerpt":{"rendered":"<p>Lan\u00fas Gobierno informa que desde este viernes 6 y hasta el domingo 8 de marzo,&#8230;<\/p>\n","protected":false},"author":1,"featured_media":81997,"comment_status":"closed","ping_status":"closed","sticky":false,"template":"","format":"standard","meta":{"footnotes":""},"categories":[8],"tags":[],"class_list":["post-81995","post","type-post","status-publish","format-standard","has-post-thumbnail","hentry","category-cultura"],"_links":{"self":[{"href":"http:\/\/conurbanodiario.com.ar\/index.php?rest_route=\/wp\/v2\/posts\/81995","targetHints":{"allow":["GET"]}}],"collection":[{"href":"http:\/\/conurbanodiario.com.ar\/index.php?rest_route=\/wp\/v2\/posts"}],"about":[{"href":"http:\/\/conurbanodiario.com.ar\/index.php?rest_route=\/wp\/v2\/types\/post"}],"author":[{"embeddable":true,"href":"http:\/\/conurbanodiario.com.ar\/index.php?rest_route=\/wp\/v2\/users\/1"}],"replies":[{"embeddable":true,"href":"http:\/\/conurbanodiario.com.ar\/index.php?rest_route=%2Fwp%2Fv2%2Fcomments&post=81995"}],"version-history":[{"count":1,"href":"http:\/\/conurbanodiario.com.ar\/index.php?rest_route=\/wp\/v2\/posts\/81995\/revisions"}],"predecessor-version":[{"id":81998,"href":"http:\/\/conurbanodiario.com.ar\/index.php?rest_route=\/wp\/v2\/posts\/81995\/revisions\/81998"}],"wp:featuredmedia":[{"embeddable":true,"href":"http:\/\/conurbanodiario.com.ar\/index.php?rest_route=\/wp\/v2\/media\/81997"}],"wp:attachment":[{"href":"http:\/\/conurbanodiario.com.ar\/index.php?rest_route=%2Fwp%2Fv2%2Fmedia&parent=81995"}],"wp:term":[{"taxonomy":"category","embeddable":true,"href":"http:\/\/conurbanodiario.com.ar\/index.php?rest_route=%2Fwp%2Fv2%2Fcategories&post=81995"},{"taxonomy":"post_tag","embeddable":true,"href":"http:\/\/conurbanodiario.com.ar\/index.php?rest_route=%2Fwp%2Fv2%2Ftags&post=81995"}],"curies":[{"name":"wp","href":"https:\/\/api.w.org\/{rel}","templated":true}]}}