{"id":81923,"date":"2026-03-20T20:13:00","date_gmt":"2026-03-20T23:13:00","guid":{"rendered":"https:\/\/conurbanodiario.com.ar\/?p=81923"},"modified":"2026-03-30T01:53:27","modified_gmt":"2026-03-30T04:53:27","slug":"balor-encabezo-un-homenaje-a-profesores-de-educacion-fisica","status":"publish","type":"post","link":"http:\/\/conurbanodiario.com.ar\/?p=81923","title":{"rendered":"BALOR ENCABEZ\u00d3 UN HOMENAJE A PROFESORES DE EDUCACI\u00d3N F\u00cdSICA"},"content":{"rendered":"\n<p><strong>En un emotivo encuentro, 24 profesores y profesoras de Educaci\u00f3n F\u00edsica fueron reconocidos por su trayectoria en Berazategui, con un agasajo para los que se jubilaron (13) o cumplieron 25 a\u00f1os de servicio (11). El acto, realizado en el Centro Municipal de Actividades Roberto De Vicenzo, fue encabezado por el intendente Carlos Balor, quien felicit\u00f3 a los y las docentes por su labor y anunci\u00f3 la construcci\u00f3n de una nueva pista de atletismo en la ciudad.<br><\/strong><br>Estuvieron presentes, adem\u00e1s, el director provincial de Educaci\u00f3n F\u00edsica, Leonardo Troncoso; los secretarios municipales de Cultura y Educaci\u00f3n, Federico L\u00f3pez; y de Desarrollo Social, Recreaci\u00f3n, Turismo y Deportes, Mar\u00eda Laura Lacava, junto a otros integrantes del Gabinete Municipal y del Honorable Consejo Escolar (HCE); y dem\u00e1s representantes de la comunidad educativa.<\/p>\n\n\n\n<p>All\u00ed, Balor expres\u00f3: \u201cNo pod\u00eda dejar de venir a saludarlos y felicitarlos en este d\u00eda, porque considero que la actividad f\u00edsica es algo fundamental. Yo soy deportista y me gusta mucho el deporte, por eso me enorgullece poder contarles que, con el Dr. Juan Jos\u00e9 Mussi, ten\u00edamos la idea de construir una pista de atletismo en Berazategui. Ahora estamos evaluando el proyecto y muy seguramente hagamos una consulta con todos los profesores de Educaci\u00f3n F\u00edsica. Porque, siguiendo el legado que nos dej\u00f3 el Doctor, desde nuestro Municipio vamos a seguir apostando por la educaci\u00f3n p\u00fablica\u201d.<\/p>\n\n\n\n<p>Asimismo, Troncoso declar\u00f3: \u201cPara m\u00ed, venir a Berazategui es venir a un Municipio que entiende la importancia del trabajo mancomunado con la Provincia. Y eso puede verse en esta actividad, pero tambi\u00e9n en los Juegos Bonaerenses y en muchas otras acciones con un fuerte compromiso con la educaci\u00f3n y el deporte\u201d. Y destac\u00f3: \u201cA trav\u00e9s de este encuentro se jerarquiza la Educaci\u00f3n F\u00edsica distrital, regional y provincial, de abajo hacia arriba, pero tambi\u00e9n de arriba hacia abajo. Por eso, nos emociona que hoy est\u00e9n aqu\u00ed presentes los equipos directivos de todos los niveles, con sus profesores y profesoras, quienes diariamente se encargan de garantizar el derecho a la formaci\u00f3n corporal y motriz de nuestros pibes y pibas\u201d.<\/p>\n\n\n\n<p>Por su parte, Claudia Diforti, una de las docentes reconocidas, afirm\u00f3: \u201cSoy profesora de Educaci\u00f3n F\u00edsica, acabo de jubilarme y en este d\u00eda recib\u00ed un hermoso reconocimiento de parte del intendente Carlos Balor y dem\u00e1s autoridades provinciales y municipales. Despu\u00e9s de trabajar tantos a\u00f1os en Berazategui, ejerciendo esta hermosa profesi\u00f3n, para m\u00ed es un verdadero orgullo ya que volver\u00eda a elegir este trabajo y en esta bella ciudad. Realmente, me siento muy emocionada por esta distinci\u00f3n\u201d.<\/p>\n\n\n\n<p>Durante el acto se entregaron certificados de reconocimiento a 13 profesores que se jubilaron de la docencia y a 11 con 25 a\u00f1os de servicio. Adem\u00e1s, se anunci\u00f3 que se proyecta nombrar \u00abJuan Jos\u00e9 Mussi\u00bb a las jornadas deportivas que organiza la Jefatura de Inspecci\u00f3n de Educaci\u00f3n F\u00edsica, dado el permanente apoyo que \u00e9l ha brindado para su organizaci\u00f3n en los predios municipales. El homenaje se llev\u00f3 a cabo durante una Jornada de Capacitaci\u00f3n y Planificaci\u00f3n a profesores de educaci\u00f3n f\u00edsica que trabajan en todos los niveles en instituciones p\u00fablicas y privadas del distrito.<\/p>\n","protected":false},"excerpt":{"rendered":"<p>En un emotivo encuentro, 24 profesores y profesoras de Educaci\u00f3n F\u00edsica fueron reconocidos por su&#8230;<\/p>\n","protected":false},"author":1,"featured_media":81924,"comment_status":"closed","ping_status":"closed","sticky":false,"template":"","format":"standard","meta":{"footnotes":""},"categories":[27],"tags":[],"class_list":["post-81923","post","type-post","status-publish","format-standard","has-post-thumbnail","hentry","category-educacion"],"_links":{"self":[{"href":"http:\/\/conurbanodiario.com.ar\/index.php?rest_route=\/wp\/v2\/posts\/81923","targetHints":{"allow":["GET"]}}],"collection":[{"href":"http:\/\/conurbanodiario.com.ar\/index.php?rest_route=\/wp\/v2\/posts"}],"about":[{"href":"http:\/\/conurbanodiario.com.ar\/index.php?rest_route=\/wp\/v2\/types\/post"}],"author":[{"embeddable":true,"href":"http:\/\/conurbanodiario.com.ar\/index.php?rest_route=\/wp\/v2\/users\/1"}],"replies":[{"embeddable":true,"href":"http:\/\/conurbanodiario.com.ar\/index.php?rest_route=%2Fwp%2Fv2%2Fcomments&post=81923"}],"version-history":[{"count":1,"href":"http:\/\/conurbanodiario.com.ar\/index.php?rest_route=\/wp\/v2\/posts\/81923\/revisions"}],"predecessor-version":[{"id":81925,"href":"http:\/\/conurbanodiario.com.ar\/index.php?rest_route=\/wp\/v2\/posts\/81923\/revisions\/81925"}],"wp:featuredmedia":[{"embeddable":true,"href":"http:\/\/conurbanodiario.com.ar\/index.php?rest_route=\/wp\/v2\/media\/81924"}],"wp:attachment":[{"href":"http:\/\/conurbanodiario.com.ar\/index.php?rest_route=%2Fwp%2Fv2%2Fmedia&parent=81923"}],"wp:term":[{"taxonomy":"category","embeddable":true,"href":"http:\/\/conurbanodiario.com.ar\/index.php?rest_route=%2Fwp%2Fv2%2Fcategories&post=81923"},{"taxonomy":"post_tag","embeddable":true,"href":"http:\/\/conurbanodiario.com.ar\/index.php?rest_route=%2Fwp%2Fv2%2Ftags&post=81923"}],"curies":[{"name":"wp","href":"https:\/\/api.w.org\/{rel}","templated":true}]}}