{"id":81687,"date":"2026-03-05T01:05:00","date_gmt":"2026-03-05T04:05:00","guid":{"rendered":"https:\/\/conurbanodiario.com.ar\/?p=81687"},"modified":"2026-03-03T16:20:51","modified_gmt":"2026-03-03T19:20:51","slug":"jornada-de-salud-en-santa-rosa","status":"publish","type":"post","link":"http:\/\/conurbanodiario.com.ar\/?p=81687","title":{"rendered":"JORNADA DE SALUD EN SANTA ROSA"},"content":{"rendered":"\n<p>La Comuna de Florencio Varela programa un nuevo dispositivo con prestaciones sanitarias sin costo este viernes 6 de marzo en calle Bruselas, esquina Rumania, de 10 a 14 hs.<\/p>\n\n\n\n<p>En el operativo habr\u00e1 vacunaci\u00f3n de Calendario, Covid-19 y sarampi\u00f3n; llenado de libretas; inscripci\u00f3n al servicio de Telemedicina; taller de odontolog\u00eda; empadronamiento a la Historia de Salud Integrada (HSI); adem\u00e1s de inoculaci\u00f3n antirr\u00e1bica m\u00e1s desparasitaci\u00f3n de animales.<\/p>\n\n\n\n<p>En un encuentro anterior, Mirtha Osorio llega con su perrita y dos gatitos. La mujer valora \u201cla oportunidad para darles las dosis que les corresponden, de forma gratuita y cerca de casa\u00bb. \u00abEs muy beneficioso al comparar con los altos precios de estas consultas en establecimientos privados\u201d, comenta la vecina de San Eduardo.<\/p>\n\n\n\n<p>De la misma regi\u00f3n, Carmen Chaparro concurre a la iniciativa para inmunizarse contra el Coronavirus. \u00abSon propuestas necesarias para no trasladarse a otros lugares m\u00e1s lejanos. Es de gran ayuda\u00bb, asegura.<\/p>\n\n\n\n<p>La estrategia ser\u00e1 reprogramada ante inclemencias clim\u00e1ticas.<\/p>\n","protected":false},"excerpt":{"rendered":"<p>La Comuna de Florencio Varela programa un nuevo dispositivo con prestaciones sanitarias sin costo este&#8230;<\/p>\n","protected":false},"author":1,"featured_media":81688,"comment_status":"closed","ping_status":"closed","sticky":false,"template":"","format":"standard","meta":{"footnotes":""},"categories":[31],"tags":[],"class_list":["post-81687","post","type-post","status-publish","format-standard","has-post-thumbnail","hentry","category-salud"],"_links":{"self":[{"href":"http:\/\/conurbanodiario.com.ar\/index.php?rest_route=\/wp\/v2\/posts\/81687","targetHints":{"allow":["GET"]}}],"collection":[{"href":"http:\/\/conurbanodiario.com.ar\/index.php?rest_route=\/wp\/v2\/posts"}],"about":[{"href":"http:\/\/conurbanodiario.com.ar\/index.php?rest_route=\/wp\/v2\/types\/post"}],"author":[{"embeddable":true,"href":"http:\/\/conurbanodiario.com.ar\/index.php?rest_route=\/wp\/v2\/users\/1"}],"replies":[{"embeddable":true,"href":"http:\/\/conurbanodiario.com.ar\/index.php?rest_route=%2Fwp%2Fv2%2Fcomments&post=81687"}],"version-history":[{"count":1,"href":"http:\/\/conurbanodiario.com.ar\/index.php?rest_route=\/wp\/v2\/posts\/81687\/revisions"}],"predecessor-version":[{"id":81689,"href":"http:\/\/conurbanodiario.com.ar\/index.php?rest_route=\/wp\/v2\/posts\/81687\/revisions\/81689"}],"wp:featuredmedia":[{"embeddable":true,"href":"http:\/\/conurbanodiario.com.ar\/index.php?rest_route=\/wp\/v2\/media\/81688"}],"wp:attachment":[{"href":"http:\/\/conurbanodiario.com.ar\/index.php?rest_route=%2Fwp%2Fv2%2Fmedia&parent=81687"}],"wp:term":[{"taxonomy":"category","embeddable":true,"href":"http:\/\/conurbanodiario.com.ar\/index.php?rest_route=%2Fwp%2Fv2%2Fcategories&post=81687"},{"taxonomy":"post_tag","embeddable":true,"href":"http:\/\/conurbanodiario.com.ar\/index.php?rest_route=%2Fwp%2Fv2%2Ftags&post=81687"}],"curies":[{"name":"wp","href":"https:\/\/api.w.org\/{rel}","templated":true}]}}