{"id":81200,"date":"2026-01-28T20:18:39","date_gmt":"2026-01-28T23:18:39","guid":{"rendered":"https:\/\/conurbanodiario.com.ar\/?p=81200"},"modified":"2026-01-28T20:18:39","modified_gmt":"2026-01-28T23:18:39","slug":"avanzan-los-trabajos-de-construccion-del-nuevo-edificio-de-la-escuela-secundaria-no-8-de-don-bosco","status":"publish","type":"post","link":"http:\/\/conurbanodiario.com.ar\/?p=81200","title":{"rendered":"AVANZAN LOS TRABAJOS DE CONSTRUCCI\u00d3N DEL NUEVO EDIFICIO DE LA ESCUELA SECUNDARIA N\u00ba 8 DE DON BOSCO"},"content":{"rendered":"\n<p>Contin\u00faa desarroll\u00e1ndose a buen ritmo la construcci\u00f3n del nuevo edificio para la Escuela Secundaria N\u00ba 8, ubicada en Chiclana 1019, en Don Bosco, que este martes cont\u00f3 con la supervisi\u00f3n de la intendenta interina local, Eva Mieri, quien recorri\u00f3 las obras en el establecimiento y salud\u00f3 a los trabajadores.<\/p>\n\n\n\n<p>\u201cEl Municipio de Quilmes, en conjunto con el gobierno de la provincia de Buenos Aires, va a poner en valor estas cuatro aulas para que tanto docentes como alumnos puedan volver a habitar esta escuela de manera digna, ordenada y que nuestros pibes puedan aprender y que los profes puedan ense\u00f1ar en un \u00e1mbito adecuado. Desde el primer d\u00eda de gesti\u00f3n, nuestra compa\u00f1era Mayra Mendoza puso en el centro de la escena la educaci\u00f3n p\u00fablica. Y nosotros y nosotras con este equipo de trabajo que conformamos, vamos a seguir en ese camino\u201d, sostuvo Mieri, acompa\u00f1ada por la secretaria de Educaci\u00f3n y Culturas, Evangelina Ram\u00edrez.<\/p>\n\n\n\n<p>En ese contexto, Ram\u00edrez, asever\u00f3: \u201cSin dudas, las mejoras en infraestructura despu\u00e9s claramente inciden sobre el trayecto pedag\u00f3gico y educativo. Y este es un Gobierno Municipal, encabezado por nuestra intendenta en uso de licencia, Mayra Mendoza, y nuestra jefa comunal interina, Eva Mieri, que ha puesto a la educaci\u00f3n como un pilar fundamental de desarrollo, no solamente pensando en un futuro, sino en el presente\u201d.<\/p>\n\n\n\n<p>Por su parte, el subsecretario de Infraestructura Escolar de la provincia de Buenos Aires, Ariel Lambezat, ponder\u00f3 la importancia de estos trabajos: \u201cEsto forma parte de una tarea mancomunada que venimos haciendo con todos los distritos, municipios y consejos escolares, con muchos objetivos, as\u00ed que siempre representa un una satisfacci\u00f3n poder darle respuesta a las demandas de la comunidad para que puedan tener colegios dignos, seguros y habitables\u201d.<\/p>\n\n\n\n<p>Cabe se\u00f1alar que la obra del nuevo edificio hab\u00eda sido paralizada a poco de comenzar el Gobierno Nacional de Javier Milei, por lo que ante esto, la Comuna en conjunto con Provincia decidieron retomar los trabajos que avanzan a buen ritmo en el marco del Programa de Infraestructura Educativa 2025-2027.<\/p>\n\n\n\n<p>En este sentido, la obra consiste en la construcci\u00f3n de 4 nuevas aulas, con una capacidad para 30 alumnos y 15 bancos cada una, y que posibilitar\u00e1n la conexi\u00f3n del nuevo edificio del establecimiento con el antiguo, permitiendo el \u00f3ptimo desarrollo de las clases y una mayor comodidad para los alumnos y profesores, cuesti\u00f3n que era necesaria de cumplir.<\/p>\n\n\n\n<p>Las aulas y dependencias estar\u00e1n provistas del equipamiento m\u00f3vil necesario para dar inicio a las clases de manera inmediata una vez entregada la obra. Adem\u00e1s, se adecuar\u00e1 el espacio existente de la biblioteca, que presenta humedad y filtraciones haci\u00e9ndolo incompatible con el uso.<\/p>\n\n\n\n<p>A su vez, en el marco del Programa Quilmes Coopera, la ES N\u00ba 8 que cuenta con una matr\u00edcula de 376 alumnos y su director es Cesar Vilches, recibi\u00f3 financiamiento para el proyecto \u201cClub de Ciencias\u201d, en el marco de la creaci\u00f3n de un laboratorio para la escuela. De esta manera, adquirieron armario, balanzas, guardapolvos, hojas, cintas, proyector, vasos, cubreobjetos, crisoles, matraz volum\u00e9trico, term\u00f3metros, pizarras y material de librer\u00eda, entre otros materiales.<\/p>\n\n\n\n<p>Participaron de la recorrida la subsecretaria de Educaci\u00f3n, Florencia Sierra; su par del Servicio Alimentario y Mantenimiento Escolar, Miguel Centuri\u00f3n; el presidente del Consejo Escolar, Gustavo Lappano, y representantes de SUTEBA, entre otros.<\/p>\n","protected":false},"excerpt":{"rendered":"<p>Contin\u00faa desarroll\u00e1ndose a buen ritmo la construcci\u00f3n del nuevo edificio para la Escuela Secundaria N\u00ba&#8230;<\/p>\n","protected":false},"author":1,"featured_media":81201,"comment_status":"closed","ping_status":"closed","sticky":false,"template":"","format":"standard","meta":{"footnotes":""},"categories":[27],"tags":[],"class_list":["post-81200","post","type-post","status-publish","format-standard","has-post-thumbnail","hentry","category-educacion"],"_links":{"self":[{"href":"http:\/\/conurbanodiario.com.ar\/index.php?rest_route=\/wp\/v2\/posts\/81200","targetHints":{"allow":["GET"]}}],"collection":[{"href":"http:\/\/conurbanodiario.com.ar\/index.php?rest_route=\/wp\/v2\/posts"}],"about":[{"href":"http:\/\/conurbanodiario.com.ar\/index.php?rest_route=\/wp\/v2\/types\/post"}],"author":[{"embeddable":true,"href":"http:\/\/conurbanodiario.com.ar\/index.php?rest_route=\/wp\/v2\/users\/1"}],"replies":[{"embeddable":true,"href":"http:\/\/conurbanodiario.com.ar\/index.php?rest_route=%2Fwp%2Fv2%2Fcomments&post=81200"}],"version-history":[{"count":1,"href":"http:\/\/conurbanodiario.com.ar\/index.php?rest_route=\/wp\/v2\/posts\/81200\/revisions"}],"predecessor-version":[{"id":81202,"href":"http:\/\/conurbanodiario.com.ar\/index.php?rest_route=\/wp\/v2\/posts\/81200\/revisions\/81202"}],"wp:featuredmedia":[{"embeddable":true,"href":"http:\/\/conurbanodiario.com.ar\/index.php?rest_route=\/wp\/v2\/media\/81201"}],"wp:attachment":[{"href":"http:\/\/conurbanodiario.com.ar\/index.php?rest_route=%2Fwp%2Fv2%2Fmedia&parent=81200"}],"wp:term":[{"taxonomy":"category","embeddable":true,"href":"http:\/\/conurbanodiario.com.ar\/index.php?rest_route=%2Fwp%2Fv2%2Fcategories&post=81200"},{"taxonomy":"post_tag","embeddable":true,"href":"http:\/\/conurbanodiario.com.ar\/index.php?rest_route=%2Fwp%2Fv2%2Ftags&post=81200"}],"curies":[{"name":"wp","href":"https:\/\/api.w.org\/{rel}","templated":true}]}}