{"id":80524,"date":"2025-12-12T09:13:29","date_gmt":"2025-12-12T12:13:29","guid":{"rendered":"https:\/\/conurbanodiario.com.ar\/?p=80524"},"modified":"2025-12-14T09:16:47","modified_gmt":"2025-12-14T12:16:47","slug":"economia-social-en-la-provincia-larroque-participo-de-la-expo-cooperativa-2025","status":"publish","type":"post","link":"http:\/\/conurbanodiario.com.ar\/?p=80524","title":{"rendered":"ECONOM\u00cdA SOCIAL EN LA PROVINCIA: LARROQUE PARTICIP\u00d3 DE LA EXPO COOPERATIVA 2025"},"content":{"rendered":"\n<p>El ministro de Desarrollo de la Comunidad, Andr\u00e9s Larroque, junto al presidente del Instituto Provincial de Asociativismo y Cooperativismo (IPAC), Gildo Oronato, encabezaron la apertura de la Expo Cooperativa 2025, una jornada destinada a compartir experiencias y a debatir acerca del rol clave del cooperativismo y la econom\u00eda social en la Provincia de Buenos Aires. Del encuentro en La Plata, que incluy\u00f3 charlas, exposiciones y ferias, entre otras actividades, tambi\u00e9n particip\u00f3 el ministro de Desarrollo Agrario, Javier Rodr\u00edguez.<\/p>\n\n\n\n<p>Durante el acto, Larroque destac\u00f3 que en tiempos en donde \u201cel Gobierno Nacional configura una etapa liberal tr\u00e1gicamente novedosa, que busca destruir al movimiento cooperativo y comunitario, este evento es una manera concreta de resistir desde la producci\u00f3n y la organizaci\u00f3n\u201d. En ese sentido, resalt\u00f3 que \u201ces posible gestionar de otra manera, con comunidad y producci\u00f3n\u201d y agreg\u00f3: \u201cEl cooperativismo demuestra que la econom\u00eda puede organizarse de manera solidaria, asociativa y con beneficios reales para los territorios.\u201d<\/p>\n\n\n\n<p>Por ello, dej\u00f3 en claro que \u201cante un gobierno nacional que ataca y es indiferente, buscando desarticular toda forma de solidaridad organizada\u201d, por el contrario, \u201cen la Provincia hay un gobernador como Axel Kicillof que tom\u00f3 la decisi\u00f3n pol\u00edtica de recrear el Instituto de Cooperativismo, una se\u00f1al contundente de compromiso con el sector\u201d. \u201cSin un proyecto econ\u00f3mico inclusivo no hay grandeza posible para la Argentina y el cooperativismo debe ser protagonista, porque expresa capacidad productiva, organizativa y comunitaria\u201d, advirti\u00f3.<\/p>\n\n\n\n<p>Onorato, por su parte, agreg\u00f3 que \u201cel sector demuestra que, a\u00fan en contextos complejos, sigue siendo motor econ\u00f3mico, social y comunitario\u201d y afirm\u00f3 que \u201caporta soluciones reales al agua potable, la energ\u00eda, los alimentos y la gesti\u00f3n de residuos; cuatro problemas cr\u00edticos a nivel global\u201d. A la vez, remarc\u00f3 que \u201cel acceso al cr\u00e9dito, con instituciones como Banco Provincia y Fuerza Solidaria, es determinante para el desarrollo\u00bb y cerr\u00f3: \u201cEl Estado bonaerense est\u00e1 plenamente comprometido con la agenda y sus trabajadores\u201d.<\/p>\n\n\n\n<p>En representaci\u00f3n del gobierno de la Provincia, Larroque y Onorato dieron inicio a la Expo, en el Teatro Argentino, junto al ministro Rodr\u00edguez. Tambi\u00e9n encabez\u00f3 la apertura el titular de la Confederaci\u00f3n Cooperativa de la Rep\u00fablica Argentina (COOPERAR), Ariel Guarco, quien adem\u00e1s es miembro del Consejo Directivo Global de la Alianza Cooperativa Internacional desde 2013 y a la vez vicepresidente adjunto de Cooperativas de las Am\u00e9ricas desde 2014.<\/p>\n\n\n\n<p>Al respecto, Rodr\u00edguez diferenci\u00f3 que \u201cmientras la Naci\u00f3n defiende la concentraci\u00f3n y el individualismo, la Provincia sostiene un proyecto que garantiza producci\u00f3n y trabajo fortaleciendo al cooperativismo como pol\u00edtica p\u00fablica\u201d y subray\u00f3: \u201cLas cooperativas permiten que peque\u00f1os y medianos productores puedan atravesar crisis y seguir en pie, sosteniendo la econom\u00eda real\u201d.<\/p>\n\n\n\n<p>\u201cEste movimiento encarna un modelo econ\u00f3mico, social, cultural y ambiental que cuida a las personas y al entorno\u201d, a\u00f1adi\u00f3 Guarco, y al destacar el rol del sector se\u00f1al\u00f3 que el 2025 fue declarado por la Organizaci\u00f3n de Naciones Unidas (ONU) como A\u00f1o Internacional de las Cooperativas, bajo el lema \u201cLas cooperativas construyen un mundo mejor\u201d.<\/p>\n\n\n\n<p>Tras la presentaci\u00f3n, las autoridades provinciales recorrieron las exposiciones ubicadas entre la Sala Petorutti y el hall de entrada, en donde diferentes protagonistas compartieron sus trabajos a lo largo del d\u00eda. All\u00ed se ubic\u00f3 un domo de empresas recuperadas, tambi\u00e9n se llev\u00f3 adelante un taller de IA m\u00e1s experiencia 360\u00b0 sobre cooperativas tecnol\u00f3gicas y se mont\u00f3 un estudio de grabaci\u00f3n. Adem\u00e1s, estuvo presente una editorial y se expusieron proyectos de diferentes rubros del sector.<\/p>\n\n\n\n<p>Asimismo, en el patio externo del Teatro, tuvo lugar una feria de cooperativas gastron\u00f3micas, textiles, agropecuarias y agroalimentarias, en tanto que tambi\u00e9n se comercializaron alimentos, frutas, verduras, conservas, vestimenta, calzado, y productos navide\u00f1os y de decoraci\u00f3n, entre otros.<\/p>\n\n\n\n<p>En representaci\u00f3n del Ministerio, tambi\u00e9n participaron de la actividad el subsecretario de Deportes, Cristian Cardozo, el gerente del fideicomiso Fuerza Solidaria, Diego Gojzman y la directora de Econom\u00eda Social, Florencia Villar. En tanto que la moderaci\u00f3n del panel de apertura estuvo a cargo de la jefa de Gabinete del IPAC, Estefan\u00eda de Dios; y de Pablo Bercovich, ex subsecretario PyME de Naci\u00f3n.<\/p>\n","protected":false},"excerpt":{"rendered":"<p>El ministro de Desarrollo de la Comunidad, Andr\u00e9s Larroque, junto al presidente del Instituto Provincial&#8230;<\/p>\n","protected":false},"author":1,"featured_media":80525,"comment_status":"closed","ping_status":"closed","sticky":false,"template":"","format":"standard","meta":{"footnotes":""},"categories":[28],"tags":[],"class_list":["post-80524","post","type-post","status-publish","format-standard","has-post-thumbnail","hentry","category-la-provincia"],"_links":{"self":[{"href":"http:\/\/conurbanodiario.com.ar\/index.php?rest_route=\/wp\/v2\/posts\/80524","targetHints":{"allow":["GET"]}}],"collection":[{"href":"http:\/\/conurbanodiario.com.ar\/index.php?rest_route=\/wp\/v2\/posts"}],"about":[{"href":"http:\/\/conurbanodiario.com.ar\/index.php?rest_route=\/wp\/v2\/types\/post"}],"author":[{"embeddable":true,"href":"http:\/\/conurbanodiario.com.ar\/index.php?rest_route=\/wp\/v2\/users\/1"}],"replies":[{"embeddable":true,"href":"http:\/\/conurbanodiario.com.ar\/index.php?rest_route=%2Fwp%2Fv2%2Fcomments&post=80524"}],"version-history":[{"count":1,"href":"http:\/\/conurbanodiario.com.ar\/index.php?rest_route=\/wp\/v2\/posts\/80524\/revisions"}],"predecessor-version":[{"id":80526,"href":"http:\/\/conurbanodiario.com.ar\/index.php?rest_route=\/wp\/v2\/posts\/80524\/revisions\/80526"}],"wp:featuredmedia":[{"embeddable":true,"href":"http:\/\/conurbanodiario.com.ar\/index.php?rest_route=\/wp\/v2\/media\/80525"}],"wp:attachment":[{"href":"http:\/\/conurbanodiario.com.ar\/index.php?rest_route=%2Fwp%2Fv2%2Fmedia&parent=80524"}],"wp:term":[{"taxonomy":"category","embeddable":true,"href":"http:\/\/conurbanodiario.com.ar\/index.php?rest_route=%2Fwp%2Fv2%2Fcategories&post=80524"},{"taxonomy":"post_tag","embeddable":true,"href":"http:\/\/conurbanodiario.com.ar\/index.php?rest_route=%2Fwp%2Fv2%2Ftags&post=80524"}],"curies":[{"name":"wp","href":"https:\/\/api.w.org\/{rel}","templated":true}]}}