{"id":80506,"date":"2025-12-12T08:50:16","date_gmt":"2025-12-12T11:50:16","guid":{"rendered":"https:\/\/conurbanodiario.com.ar\/?p=80506"},"modified":"2025-12-14T08:52:40","modified_gmt":"2025-12-14T11:52:40","slug":"la-comunidad-educativa-del-jardin-maternal-municipal-de-ezpeleta-impuso-el-nombre-mariela-munoz-a-su-institucion","status":"publish","type":"post","link":"http:\/\/conurbanodiario.com.ar\/?p=80506","title":{"rendered":"LA COMUNIDAD EDUCATIVA DEL JARD\u00cdN MATERNAL MUNICIPAL DE EZPELETA IMPUSO EL NOMBRE \u00abMARIELA MU\u00d1OZ\u00bb A SU INSTITUCI\u00d3N"},"content":{"rendered":"\n<p>La comunidad educativa del Jard\u00edn Maternal Municipal de Ezpeleta, que fue inaugurado durante la gesti\u00f3n de Mayra Mendoza en marzo de 2025, luego de una votaci\u00f3n democr\u00e1tica impuso el nombre \u201cMariela Mu\u00f1oz\u201d a la citada instituci\u00f3n. Del acto participaron la intendenta interina de Quilmes, Eva Mieri, y funcionarios municipales.<\/p>\n\n\n\n<p>\u201cMe toca circunstancialmente ocupar y con mucho honor este lugar, pero si no fuese por la impronta de trabajo y la voluntad pol\u00edtica de nuestra compa\u00f1era Mayra, que durante 6 a\u00f1os pens\u00f3 en c\u00f3mo seguir ampliando estos espacios para que nuestras infancias, nuestros ni\u00f1os y ni\u00f1as, puedan desarrollarse en comunidad, en un lugar lindo, en un espacio cuidado, con docentes a cargo que adem\u00e1s de poner en valor su profesi\u00f3n, lo hacen con much\u00edsimo amor y doy cuenta de eso\u201d, sostuvo Eva, acompa\u00f1ada de la secretaria de Educaci\u00f3n y Culturas local, Evangelina Ram\u00edrez.<\/p>\n\n\n\n<p>Y destac\u00f3: \u201cEstamos celebrando el nombramiento de este jard\u00edn, y veo a Mario, uno de los hijos de Mariela Mu\u00f1oz, emocionado. Mariela fue quien transform\u00f3 la maternidad, las familias y c\u00f3mo seguir de manera amorosa, cuidando a otros ni\u00f1os y ni\u00f1as, y hacerlos propios. No solo fue la primera mujer trans que tuvo la posibilidad de tener su documento con su nombre e identidad garantizada, sino tambi\u00e9n de sentirse una mam\u00e1 de Ezpeleta. As\u00ed que en Mario quiero agradecer a toda la familia de Mariel y a los vecinos, reivindicar la lucha de tantas mujeres que a lo largo de nuestra historia en Quilmes, y en la Argentina siguen batallando para que otras formas de maternidades y de comunidades sean m\u00e1s sensibles, emp\u00e1ticas, solidarias y en ese camino nosotras, desde la gesti\u00f3n de Mayra y con todo el grupo de compa\u00f1eros y compa\u00f1eras que nos vienen acompa\u00f1ando, vamos a seguir fortaleci\u00e9ndolas\u201d.<\/p>\n\n\n\n<p>El Jard\u00edn Maternal de Ezpeleta \u201cMariela Mu\u00f1oz\u201d, ubicado en las calles Ant\u00e1rtida Argentina y R\u00edo Iguaz\u00fa, cuenta con una matr\u00edcula de 60 estudiantes. En marzo del corriente a\u00f1o y durante la inauguraci\u00f3n de la instituci\u00f3n, la intendenta en uso de licencia y actual diputada provincial, Mayra Mendoza, invit\u00f3 a la comunidad a participar en la elecci\u00f3n del nombre propio del Jard\u00edn. A partir de esa propuesta, y en el marco del Proyecto Institucional \u201cConstruyendo nuestra identidad: hacemos camino al andar\u201d, comenzaron a idear un sistema democr\u00e1tico para arribar de manera colectiva a una decisi\u00f3n.<\/p>\n\n\n\n<p>Finalmente, el nombre elegido fue el de Mariela Mu\u00f1oz, la ya fallecida luchadora trans, que transform\u00f3 el concepto de familia y maternidad tradicional, pele\u00f3 por los derechos de la comunidad LGBTYQ afrontando la crianza de su hijo durante los a\u00f1os 90, lo que represent\u00f3 un hito importante en la lucha de este colectivo y al mismo tiempo fue la primera en recibir el documento nacional de identidad con el nombre que ella misma eligi\u00f3. Vivi\u00f3 cerca del Jard\u00edn y la comunidad decidi\u00f3 reconocerla, por lo que para la instituci\u00f3n es un honor llevar su nombre.<\/p>\n\n\n\n<p>Por su parte, la directora del Jard\u00edn, Mayra Mongelluzzo, expres\u00f3: \u201cEstamos muy orgullosos de poder compartir este encuentro con autoridades, con referentes de la comunidad, con las familias, con los ni\u00f1os. La consigna fue muy clara, ped\u00edamos que postulen a personas significativas, que con su labor hayan generado alg\u00fan impacto o alg\u00fan aporte y surge el nombre de Mariela Mu\u00f1oz, lo que nos abre nuevos horizontes en cuanto a la diversidad, la inclusi\u00f3n y la libertad\u201d.<\/p>\n\n\n\n<p>Estuvieron presentes en la actividad la subsecretaria de Educaci\u00f3n, Florencia Sierra, y su par de Servicio Alimentario y Mantenimiento Escolar, Miguel Centuri\u00f3n; la directora de Jardines Municipales, Roxana Garc\u00eda, y su par de Diversidades, Camilo Landi, y secretaria del Consejo Escolar, Karen Alarc\u00f3n, autoridades de educaci\u00f3n y vecinos.<\/p>\n","protected":false},"excerpt":{"rendered":"<p>La comunidad educativa del Jard\u00edn Maternal Municipal de Ezpeleta, que fue inaugurado durante la gesti\u00f3n&#8230;<\/p>\n","protected":false},"author":1,"featured_media":80507,"comment_status":"closed","ping_status":"closed","sticky":false,"template":"","format":"standard","meta":{"footnotes":""},"categories":[27],"tags":[],"class_list":["post-80506","post","type-post","status-publish","format-standard","has-post-thumbnail","hentry","category-educacion"],"_links":{"self":[{"href":"http:\/\/conurbanodiario.com.ar\/index.php?rest_route=\/wp\/v2\/posts\/80506","targetHints":{"allow":["GET"]}}],"collection":[{"href":"http:\/\/conurbanodiario.com.ar\/index.php?rest_route=\/wp\/v2\/posts"}],"about":[{"href":"http:\/\/conurbanodiario.com.ar\/index.php?rest_route=\/wp\/v2\/types\/post"}],"author":[{"embeddable":true,"href":"http:\/\/conurbanodiario.com.ar\/index.php?rest_route=\/wp\/v2\/users\/1"}],"replies":[{"embeddable":true,"href":"http:\/\/conurbanodiario.com.ar\/index.php?rest_route=%2Fwp%2Fv2%2Fcomments&post=80506"}],"version-history":[{"count":1,"href":"http:\/\/conurbanodiario.com.ar\/index.php?rest_route=\/wp\/v2\/posts\/80506\/revisions"}],"predecessor-version":[{"id":80508,"href":"http:\/\/conurbanodiario.com.ar\/index.php?rest_route=\/wp\/v2\/posts\/80506\/revisions\/80508"}],"wp:featuredmedia":[{"embeddable":true,"href":"http:\/\/conurbanodiario.com.ar\/index.php?rest_route=\/wp\/v2\/media\/80507"}],"wp:attachment":[{"href":"http:\/\/conurbanodiario.com.ar\/index.php?rest_route=%2Fwp%2Fv2%2Fmedia&parent=80506"}],"wp:term":[{"taxonomy":"category","embeddable":true,"href":"http:\/\/conurbanodiario.com.ar\/index.php?rest_route=%2Fwp%2Fv2%2Fcategories&post=80506"},{"taxonomy":"post_tag","embeddable":true,"href":"http:\/\/conurbanodiario.com.ar\/index.php?rest_route=%2Fwp%2Fv2%2Ftags&post=80506"}],"curies":[{"name":"wp","href":"https:\/\/api.w.org\/{rel}","templated":true}]}}