{"id":80500,"date":"2025-12-12T08:29:32","date_gmt":"2025-12-12T11:29:32","guid":{"rendered":"https:\/\/conurbanodiario.com.ar\/?p=80500"},"modified":"2025-12-14T08:31:35","modified_gmt":"2025-12-14T11:31:35","slug":"asumieron-los-nuevos-consejeros-y-consejeras-escolares-de-berazategui","status":"publish","type":"post","link":"http:\/\/conurbanodiario.com.ar\/?p=80500","title":{"rendered":"ASUMIERON LOS NUEVOS CONSEJEROS Y CONSEJERAS ESCOLARES DE BERAZATEGUI"},"content":{"rendered":"\n<p>Los nuevos consejeros y consejeras escolares electas en las Elecciones Legislativas 2025 asumieron sus cargos en un acto que se realiz\u00f3 en el Jard\u00edn de Infantes N\u00b0 901. All\u00ed estuvo el intendente de Berazategui, Carlos Balor. Durante el acto se homenaje\u00f3 al Dr. Juan Jos\u00e9 Mussi (1941 &#8211; 2025) por su lucha y defensa permanente de la educaci\u00f3n p\u00fablica.<\/p>\n\n\n\n<p>Los consejeros y consejeras que tomaron posesi\u00f3n de su cargo son Alejandro Cardelle, Mara Vitek, Emmanuel Puentes y Vanesa Fusco.<\/p>\n\n\n\n<p>Asimismo, se reconoci\u00f3 a los consejeros y consejeras salientes: Alicia G\u00e1ndola, Carlos Almir\u00f3n, Pablo Kupec y Luc\u00eda Gim\u00e9nez, quienes recibieron un diploma de agradecimiento por la labor realizada.<\/p>\n\n\n\n<p>\u201cEs un d\u00eda de sentimientos encontrados y de mucha emoci\u00f3n. Por un lado, nos duele la ausencia de Juan Jos\u00e9 Mussi, quien fue \u00b4el Intendente de las escuelas\u00b4. Por el otro, es una alegr\u00eda asumir este cargo que voy a llevar adelante honrando el legado de Mussi y apoyando al actual intendente, Carlos Balor\u201d, recalc\u00f3 Cardelle.<\/p>\n\n\n\n<p>A su vez, Vitek se\u00f1al\u00f3: \u201cEs un honor asumir el cargo de consejera escolar. La p\u00e9rdida del Dr. Juan Jos\u00e9 Mussi nos hace sentir que tenemos que redoblar nuestros esfuerzos para honrar el legado que nos dej\u00f3. As\u00ed que vamos a trabajar y luchar incansablemente por la educaci\u00f3n p\u00fablica\u201d.<\/p>\n\n\n\n<p>Luego de la reproducci\u00f3n de un video en homenaje al Dr. Juan Jos\u00e9 Mussi, quien falleci\u00f3 el 24 de noviembre mientras transitaba su sexto mandato como Intendente, el consejero escolar Juan Carlos Soldavini expres\u00f3: \u201cPara nosotros, el Dr. Juan Jos\u00e9 Mussi fue \u00b4el Intendente de las escuelas\u00b4 porque estaba todo el tiempo pendiente de lo que pasaba en ellas. Le encantaba ir a los establecimientos educativos, disfrutaba visitarlos para conocer sus necesidades, recorrerlos y compartir tiempo con los estudiantes y los docentes. \u00c9l se sent\u00eda orgulloso de la educaci\u00f3n p\u00fablica de Berazategui. Por eso, hoy nos pareci\u00f3 una ocasi\u00f3n ideal para homenajearlo por todo eso y mucho m\u00e1s\u201d.<\/p>\n\n\n\n<p>Del acto participaron integrantes del Gabinete municipal; el presidente del Consejo Escolar, Fernando Cardozo; y la inspectora jefa distrital, Gladys Ram\u00edrez; adem\u00e1s de otros representantes de la comunidad educativa.<\/p>\n","protected":false},"excerpt":{"rendered":"<p>Los nuevos consejeros y consejeras escolares electas en las Elecciones Legislativas 2025 asumieron sus cargos&#8230;<\/p>\n","protected":false},"author":1,"featured_media":80501,"comment_status":"closed","ping_status":"closed","sticky":false,"template":"","format":"standard","meta":{"footnotes":""},"categories":[35],"tags":[],"class_list":["post-80500","post","type-post","status-publish","format-standard","has-post-thumbnail","hentry","category-politica"],"_links":{"self":[{"href":"http:\/\/conurbanodiario.com.ar\/index.php?rest_route=\/wp\/v2\/posts\/80500","targetHints":{"allow":["GET"]}}],"collection":[{"href":"http:\/\/conurbanodiario.com.ar\/index.php?rest_route=\/wp\/v2\/posts"}],"about":[{"href":"http:\/\/conurbanodiario.com.ar\/index.php?rest_route=\/wp\/v2\/types\/post"}],"author":[{"embeddable":true,"href":"http:\/\/conurbanodiario.com.ar\/index.php?rest_route=\/wp\/v2\/users\/1"}],"replies":[{"embeddable":true,"href":"http:\/\/conurbanodiario.com.ar\/index.php?rest_route=%2Fwp%2Fv2%2Fcomments&post=80500"}],"version-history":[{"count":1,"href":"http:\/\/conurbanodiario.com.ar\/index.php?rest_route=\/wp\/v2\/posts\/80500\/revisions"}],"predecessor-version":[{"id":80502,"href":"http:\/\/conurbanodiario.com.ar\/index.php?rest_route=\/wp\/v2\/posts\/80500\/revisions\/80502"}],"wp:featuredmedia":[{"embeddable":true,"href":"http:\/\/conurbanodiario.com.ar\/index.php?rest_route=\/wp\/v2\/media\/80501"}],"wp:attachment":[{"href":"http:\/\/conurbanodiario.com.ar\/index.php?rest_route=%2Fwp%2Fv2%2Fmedia&parent=80500"}],"wp:term":[{"taxonomy":"category","embeddable":true,"href":"http:\/\/conurbanodiario.com.ar\/index.php?rest_route=%2Fwp%2Fv2%2Fcategories&post=80500"},{"taxonomy":"post_tag","embeddable":true,"href":"http:\/\/conurbanodiario.com.ar\/index.php?rest_route=%2Fwp%2Fv2%2Ftags&post=80500"}],"curies":[{"name":"wp","href":"https:\/\/api.w.org\/{rel}","templated":true}]}}