{"id":80286,"date":"2025-11-06T01:06:00","date_gmt":"2025-11-06T04:06:00","guid":{"rendered":"https:\/\/conurbanodiario.com.ar\/?p=80286"},"modified":"2025-11-16T21:14:33","modified_gmt":"2025-11-17T00:14:33","slug":"pintaron-la-escuela-primaria-n-38","status":"publish","type":"post","link":"http:\/\/conurbanodiario.com.ar\/?p=80286","title":{"rendered":"PINTARON LA ESCUELA PRIMARIA N\u00b0 38"},"content":{"rendered":"\n<p>La comunidad educativa de la Escuela Primaria N\u00b0 38 realiz\u00f3 tareas de embellecimiento en la instituci\u00f3n, el s\u00e1bado 1 de noviembre, a trav\u00e9s de una iniciativa del Consejo Escolar de Berazategui.<\/p>\n\n\n\n<p>Junto a docentes, consejeros escolares, vecinos y vecinas, estuvieron los secretarios municipales de Cultura y Educaci\u00f3n, Federico L\u00f3pez; Desarrollo Social, Recreaci\u00f3n, Turismo y Deportes, Mar\u00eda Laura Lacava; y la titular de la Agencia de Tierras y H\u00e1bitat, Cecilia Rold\u00e1n; adem\u00e1s del presidente del Consejo Escolar, Fernando Cardozo.<\/p>\n\n\n\n<p>Estas jornadas comenzaron a realizarse en el distrito, hace muchos a\u00f1os, por iniciativa del intendente municipal Juan Jos\u00e9 Mussi. El objetivo es embellecer los establecimientos, pero tambi\u00e9n generar identidad berazateguense y estar cerca de cada una de las comunidades educativas.<\/p>\n","protected":false},"excerpt":{"rendered":"<p>La comunidad educativa de la Escuela Primaria N\u00b0 38 realiz\u00f3 tareas de embellecimiento en la&#8230;<\/p>\n","protected":false},"author":1,"featured_media":80287,"comment_status":"closed","ping_status":"closed","sticky":false,"template":"","format":"standard","meta":{"footnotes":""},"categories":[27],"tags":[],"class_list":["post-80286","post","type-post","status-publish","format-standard","has-post-thumbnail","hentry","category-educacion"],"_links":{"self":[{"href":"http:\/\/conurbanodiario.com.ar\/index.php?rest_route=\/wp\/v2\/posts\/80286","targetHints":{"allow":["GET"]}}],"collection":[{"href":"http:\/\/conurbanodiario.com.ar\/index.php?rest_route=\/wp\/v2\/posts"}],"about":[{"href":"http:\/\/conurbanodiario.com.ar\/index.php?rest_route=\/wp\/v2\/types\/post"}],"author":[{"embeddable":true,"href":"http:\/\/conurbanodiario.com.ar\/index.php?rest_route=\/wp\/v2\/users\/1"}],"replies":[{"embeddable":true,"href":"http:\/\/conurbanodiario.com.ar\/index.php?rest_route=%2Fwp%2Fv2%2Fcomments&post=80286"}],"version-history":[{"count":1,"href":"http:\/\/conurbanodiario.com.ar\/index.php?rest_route=\/wp\/v2\/posts\/80286\/revisions"}],"predecessor-version":[{"id":80288,"href":"http:\/\/conurbanodiario.com.ar\/index.php?rest_route=\/wp\/v2\/posts\/80286\/revisions\/80288"}],"wp:featuredmedia":[{"embeddable":true,"href":"http:\/\/conurbanodiario.com.ar\/index.php?rest_route=\/wp\/v2\/media\/80287"}],"wp:attachment":[{"href":"http:\/\/conurbanodiario.com.ar\/index.php?rest_route=%2Fwp%2Fv2%2Fmedia&parent=80286"}],"wp:term":[{"taxonomy":"category","embeddable":true,"href":"http:\/\/conurbanodiario.com.ar\/index.php?rest_route=%2Fwp%2Fv2%2Fcategories&post=80286"},{"taxonomy":"post_tag","embeddable":true,"href":"http:\/\/conurbanodiario.com.ar\/index.php?rest_route=%2Fwp%2Fv2%2Ftags&post=80286"}],"curies":[{"name":"wp","href":"https:\/\/api.w.org\/{rel}","templated":true}]}}