{"id":78872,"date":"2025-06-20T19:30:40","date_gmt":"2025-06-20T22:30:40","guid":{"rendered":"https:\/\/conurbanodiario.com.ar\/?p=78872"},"modified":"2025-08-01T07:55:42","modified_gmt":"2025-08-01T10:55:42","slug":"la-tecnica-n-2-celebro-el-dia-del-medio-ambiente-con-una-gran-feria-escolar","status":"publish","type":"post","link":"http:\/\/conurbanodiario.com.ar\/?p=78872","title":{"rendered":"LA T\u00c9CNICA N\u00b0 2 CELEBR\u00d3 EL D\u00cdA DEL MEDIO AMBIENTE CON UNA GRAN FERIA ESCOLAR"},"content":{"rendered":"\n<p>Se realiz\u00f3 una Feria anual en conmemoraci\u00f3n del D\u00eda Internacional del Medio Ambiente (5 de Junio), organizada por la Escuela de Educaci\u00f3n Secundaria T\u00e9cnica N\u00b0 2, de Barrio Mar\u00edtimo. La actividad cont\u00f3 con el apoyo de la Municipalidad de Berazategui, a trav\u00e9s de la Direcci\u00f3n de Ambiente y Desarrollo Sustentable, el Programa Berazategui Recicla y la Huerta de Bera.<\/p>\n\n\n\n<p>En ese marco, las y los estudiantes organizaron y llevaron adelante distintos talleres que incluyeron gesti\u00f3n de residuos, eficiencia energ\u00e9tica -con el nuevo equipamiento que adquiri\u00f3 la escuela: generadores fotovoltaicos y e\u00f3licos; y bombas sumergibles solares- y reciclaje, entre otras propuestas l\u00fadicas e informativas.<\/p>\n\n\n\n<p>Daiana Cabrera, a cargo de la Huerta Municipal, coment\u00f3: \u201cQueremos involucrar a los chicos de las escuelas en el cuidado del medio ambiente y animarlos a generar huertas. Esto tiene que ver con el compromiso del intendente Juan Jos\u00e9 Mussi de cuidar el medio ambiente y fomentar estas iniciativas. Hoy, la Huerta de Bera est\u00e1 participando con talleres de compostaje, reciclado de yerba y armado de huertas, de manera r\u00e1pida y sana. Los chicos y chicas est\u00e1n comprometidos, se informan y los llevan a la pr\u00e1ctica\u201d.<\/p>\n\n\n\n<p>Por su parte, Claudio Cerrato, profesor de la instituci\u00f3n, resalt\u00f3: \u201cEsta iniciativa surgi\u00f3 de un proyecto de estudiantes de la escuela, que se institucionaliz\u00f3 y se realiza con el objetivo de convocar a universidades, asociaciones civiles, y dem\u00e1s instituciones y organizaciones para que se acerquen a comentar de qu\u00e9 forma cuidan el medio ambiente. Tenemos un proyecto de reciclaje de residuos pl\u00e1sticos de la escuela, en conjunto con el Programa Municipal Berazategui Recicla\u201d. Y destac\u00f3: \u201cNos llena de orgullo ver a adolescentes de 4to a\u00f1o con muchas ganas de arrancar y continuar este proyecto. El planeta es uno y hay que cuidarlo, no hay otra alternativa. Y si no lo hacemos entre todos, no vamos a poder lograrlo\u201d.<\/p>\n\n\n\n<p>Ian Verni (12 a\u00f1os), uno de los estudiantes que particip\u00f3 activamente en la jornada, expres\u00f3: \u201cHicimos un huerto, plantamos puerro y remolacha. Tambi\u00e9n limpiamos y reciclamos hojas secas. La estoy pasando genial; hay muchos ni\u00f1os que no conocen sobre el cuidado del medio ambiente, as\u00ed que es bueno hablar de esto\u201d, asegur\u00f3.<\/p>\n\n\n\n<p>Para m\u00e1s informaci\u00f3n sobre las iniciativas que implementa la Municipalidad en t\u00e9rminos de sustentabilidad y cuidado del ambiente, se puede ingresar en berazategui.gob.ar\/sustentable.<\/p>\n","protected":false},"excerpt":{"rendered":"<p>Se realiz\u00f3 una Feria anual en conmemoraci\u00f3n del D\u00eda Internacional del Medio Ambiente (5 de&#8230;<\/p>\n","protected":false},"author":1,"featured_media":78873,"comment_status":"closed","ping_status":"closed","sticky":false,"template":"","format":"standard","meta":{"footnotes":""},"categories":[27],"tags":[],"class_list":["post-78872","post","type-post","status-publish","format-standard","has-post-thumbnail","hentry","category-educacion"],"_links":{"self":[{"href":"http:\/\/conurbanodiario.com.ar\/index.php?rest_route=\/wp\/v2\/posts\/78872","targetHints":{"allow":["GET"]}}],"collection":[{"href":"http:\/\/conurbanodiario.com.ar\/index.php?rest_route=\/wp\/v2\/posts"}],"about":[{"href":"http:\/\/conurbanodiario.com.ar\/index.php?rest_route=\/wp\/v2\/types\/post"}],"author":[{"embeddable":true,"href":"http:\/\/conurbanodiario.com.ar\/index.php?rest_route=\/wp\/v2\/users\/1"}],"replies":[{"embeddable":true,"href":"http:\/\/conurbanodiario.com.ar\/index.php?rest_route=%2Fwp%2Fv2%2Fcomments&post=78872"}],"version-history":[{"count":1,"href":"http:\/\/conurbanodiario.com.ar\/index.php?rest_route=\/wp\/v2\/posts\/78872\/revisions"}],"predecessor-version":[{"id":78874,"href":"http:\/\/conurbanodiario.com.ar\/index.php?rest_route=\/wp\/v2\/posts\/78872\/revisions\/78874"}],"wp:featuredmedia":[{"embeddable":true,"href":"http:\/\/conurbanodiario.com.ar\/index.php?rest_route=\/wp\/v2\/media\/78873"}],"wp:attachment":[{"href":"http:\/\/conurbanodiario.com.ar\/index.php?rest_route=%2Fwp%2Fv2%2Fmedia&parent=78872"}],"wp:term":[{"taxonomy":"category","embeddable":true,"href":"http:\/\/conurbanodiario.com.ar\/index.php?rest_route=%2Fwp%2Fv2%2Fcategories&post=78872"},{"taxonomy":"post_tag","embeddable":true,"href":"http:\/\/conurbanodiario.com.ar\/index.php?rest_route=%2Fwp%2Fv2%2Ftags&post=78872"}],"curies":[{"name":"wp","href":"https:\/\/api.w.org\/{rel}","templated":true}]}}