{"id":75159,"date":"2024-07-26T17:50:17","date_gmt":"2024-07-26T20:50:17","guid":{"rendered":"http:\/\/conurbanodiario.com.ar\/?p=75159"},"modified":"2024-08-02T17:52:32","modified_gmt":"2024-08-02T20:52:32","slug":"mercado-vecino-sigue-recorriendo-los-barrios-en-agosto","status":"publish","type":"post","link":"http:\/\/conurbanodiario.com.ar\/?p=75159","title":{"rendered":"MERCADO VECINO SIGUE RECORRIENDO LOS BARRIOS EN AGOSTO"},"content":{"rendered":"\n<p>Cada semana, la feria itinerante municipal de Berazategui recorre los barrios para acercar frutas, verduras, l\u00e1cteos, panificados, carne, pescados; plantas y flores, directo de productores locales y a precios especiales, a los vecinos y vecinas.<\/p>\n\n\n\n<p>Se desarrolla todos los lunes en la Plaza Rigolleau (Av. 14 y Lisandro de la Torre) y los s\u00e1bados en el Barrio Federal N\u00e9stor Kirchner de El Pato (calle 635 e\/ 531 y 532). En ambos casos, el horario es de 8.00 a 13.00.<\/p>\n\n\n\n<p>En tanto, de martes a viernes recorre diferentes puntos del distrito, de 8.30 a 12.30. En todos los casos se suspende por malas condiciones clim\u00e1ticas. Este es el cronograma para los primeros d\u00edas de agosto:<\/p>\n\n\n\n<p>Viernes 2\/8: Sociedad de Fomento Gente de Trabajo, 119 e\/ 17 A y 18 A.<\/p>\n\n\n\n<p>Martes 6\/8: Centro C\u00edvico, Cultural y Recreativo de Guti\u00e9rrez, 417 y Camino Real.<\/p>\n\n\n\n<p>Mi\u00e9rcoles 7\/8: Club Social y Deportivo Villa Olivero, 155 e\/ 9 y 10.<\/p>\n\n\n\n<p>Jueves 8\/8: Polo Emprendedor Berazategui, 413 y 455.<\/p>\n\n\n\n<p>Viernes 9\/8: Delegaci\u00f3n Municipal El Pato, 611 y 517.<\/p>\n\n\n\n<p>El cronograma completo se encuentra en berazategui.gob.ar\/mercadovecino.<\/p>\n\n\n\n<p>Pablo Castillo, a cargo del puesto de pescados, coment\u00f3: \u201cVinimos a Mercado Vecino a ofrecer nuestros productos, como filet de merluza, gatuzo, pez pollo, salm\u00f3n; y congelados, como langostinos y mariscos. Los esperamos con buenos precios y excelente calidad\u201d.<\/p>\n\n\n\n<p>Por su parte, Patricia Pallares, vecina de Ranelagh, expres\u00f3: \u201cVengo a Mercado Vecino por la calidad y el precio. Hoy voy a hacer sopa, as\u00ed que vine a buscar la verdura. Tambi\u00e9n compro fruta y me voy conforme porque me conviene. Los invito a todos a la Feria; siempre la recomiendo a mis conocidos porque la calidad es incomparable, no se van a arrepentir\u201d.<\/p>\n\n\n\n<p>Mercado Vecino se desarrolla desde 2016 y cada semana acerca a la comunidad mercader\u00eda fresca, saludable y de calidad, a precios especiales. Es una de las iniciativas impulsadas por el intendente Juan Jos\u00e9 Mussi -a trav\u00e9s de la Secretar\u00eda de Trabajo-, para fomentar el consumo local e impulsar a los productores y micro emprendedores.<\/p>\n","protected":false},"excerpt":{"rendered":"<p>Cada semana, la feria itinerante municipal de Berazategui recorre los barrios para acercar frutas, verduras,&#8230;<\/p>\n","protected":false},"author":1,"featured_media":75160,"comment_status":"closed","ping_status":"closed","sticky":false,"template":"","format":"standard","meta":{"footnotes":""},"categories":[33,3],"tags":[],"class_list":["post-75159","post","type-post","status-publish","format-standard","has-post-thumbnail","hentry","category-destacados","category-informacion-general"],"_links":{"self":[{"href":"http:\/\/conurbanodiario.com.ar\/index.php?rest_route=\/wp\/v2\/posts\/75159","targetHints":{"allow":["GET"]}}],"collection":[{"href":"http:\/\/conurbanodiario.com.ar\/index.php?rest_route=\/wp\/v2\/posts"}],"about":[{"href":"http:\/\/conurbanodiario.com.ar\/index.php?rest_route=\/wp\/v2\/types\/post"}],"author":[{"embeddable":true,"href":"http:\/\/conurbanodiario.com.ar\/index.php?rest_route=\/wp\/v2\/users\/1"}],"replies":[{"embeddable":true,"href":"http:\/\/conurbanodiario.com.ar\/index.php?rest_route=%2Fwp%2Fv2%2Fcomments&post=75159"}],"version-history":[{"count":1,"href":"http:\/\/conurbanodiario.com.ar\/index.php?rest_route=\/wp\/v2\/posts\/75159\/revisions"}],"predecessor-version":[{"id":75161,"href":"http:\/\/conurbanodiario.com.ar\/index.php?rest_route=\/wp\/v2\/posts\/75159\/revisions\/75161"}],"wp:featuredmedia":[{"embeddable":true,"href":"http:\/\/conurbanodiario.com.ar\/index.php?rest_route=\/wp\/v2\/media\/75160"}],"wp:attachment":[{"href":"http:\/\/conurbanodiario.com.ar\/index.php?rest_route=%2Fwp%2Fv2%2Fmedia&parent=75159"}],"wp:term":[{"taxonomy":"category","embeddable":true,"href":"http:\/\/conurbanodiario.com.ar\/index.php?rest_route=%2Fwp%2Fv2%2Fcategories&post=75159"},{"taxonomy":"post_tag","embeddable":true,"href":"http:\/\/conurbanodiario.com.ar\/index.php?rest_route=%2Fwp%2Fv2%2Ftags&post=75159"}],"curies":[{"name":"wp","href":"https:\/\/api.w.org\/{rel}","templated":true}]}}