{"id":75140,"date":"2024-07-31T05:06:00","date_gmt":"2024-07-31T08:06:00","guid":{"rendered":"https:\/\/conurbanodiario.com.ar\/?p=75140"},"modified":"2024-08-02T18:31:08","modified_gmt":"2024-08-02T21:31:08","slug":"andres-watson-firmo-escrituras-de-viviendas-para-familias-varelenses-2","status":"publish","type":"post","link":"http:\/\/conurbanodiario.com.ar\/?p=75140","title":{"rendered":"ANDR\u00c9S WATSON FIRM\u00d3 ESCRITURAS DE VIVIENDAS PARA FAMILIAS VARELENSES"},"content":{"rendered":"\n<p>El jefe comunal -Andr\u00e9s Watson- certific\u00f3 la documentaci\u00f3n imprescindible para convertir tanto a vecinas como vecinos oriundos del distrito en propietarias y propietarios de sus hogares esta ma\u00f1ana en el sal\u00f3n perteneciente a Bomberos Voluntarios, situado en la intersecci\u00f3n de las calles Dorrego con 25 de Mayo.<\/p>\n\n\n\n<p>\u201cUna jornada especial para quienes obtuvieron la tranquilidad de tener la titularidad de sus casas mediante la tarea colaborativa de regularizaci\u00f3n efectuada desde el Municipio junto al gobierno de la provincia de Buenos Aires\u201d, describi\u00f3 la m\u00e1xima autoridad en Florencio Varela.<\/p>\n\n\n\n<p>\u201cLa determinaci\u00f3n pol\u00edtica de ambos estamentos gubernamentales garantiz\u00f3 un derecho esencial a la ciudadan\u00eda: la formalizaci\u00f3n de expedientes legalizados que otorgaron la seguridad jur\u00eddica indispensable para acreditar la posesi\u00f3n de sus viviendas\u201d, afirm\u00f3 el Alcalde.<\/p>\n\n\n\n<p>\u201cSu firma legitim\u00f3 el dominio de los inmuebles, por lo tanto, convirti\u00f3 autom\u00e1ticamente a todas y todos ustedes en due\u00f1os o due\u00f1as de sus domicilios\u201d, ratific\u00f3 la directora de Escrituraci\u00f3n Social en la Escriban\u00eda General bonaerense, Claudia Defelitto.<\/p>\n\n\n\n<p>La Ley Provincial N\u00ba10.830 posibilit\u00f3 la creaci\u00f3n de 109 escrituras, 6 fueron concebidas por el Instituto de la Vivienda; la restante fue expedida por la Ley de Prescripci\u00f3n Adquisitiva N\u00b024.320.<\/p>\n\n\n\n<p>Los beneficiarios y las beneficiarias proven\u00edan de los siguientes barrios: Villa Arias, Santa Rosa, Villa Argentina, Villa Vatteone, El Parque, Sarmiento, San Nicol\u00e1s, Pico de Oro, La Sirena, Gobernador Monteverde, Libertad, La Colorada Este, Gral. San Mart\u00edn, Villa M\u00f3nica Vieja, El Tri\u00e1ngulo, 5 de Enero, Don Orione, Malvinas, Bosques, Luj\u00e1n.<\/p>\n\n\n\n<p>\u201cMe asombr\u00f3 la poca demora en el tr\u00e1mite que arranqu\u00e9 el a\u00f1o pasado y la gratuidad fue una ayuda enorme en un contexto dif\u00edcil para afrontar econ\u00f3micamente una gesti\u00f3n de estas caracter\u00edsticas\u201d, narr\u00f3 Juan Carlos Silva, radicado en Curva de Ch\u00e1vez, en compa\u00f1\u00eda de su esposa e hijas. \u201cHoy, tuve una certeza: dej\u00e9 a ellas una base para arrancar, un lugar donde vivir en el futuro\u201d, revel\u00f3.<\/p>\n","protected":false},"excerpt":{"rendered":"<p>El jefe comunal -Andr\u00e9s Watson- certific\u00f3 la documentaci\u00f3n imprescindible para convertir tanto a vecinas como&#8230;<\/p>\n","protected":false},"author":1,"featured_media":75141,"comment_status":"closed","ping_status":"closed","sticky":false,"template":"","format":"standard","meta":{"footnotes":""},"categories":[1,3],"tags":[],"class_list":["post-75140","post","type-post","status-publish","format-standard","has-post-thumbnail","hentry","category-noticia-del-dia","category-informacion-general"],"_links":{"self":[{"href":"http:\/\/conurbanodiario.com.ar\/index.php?rest_route=\/wp\/v2\/posts\/75140","targetHints":{"allow":["GET"]}}],"collection":[{"href":"http:\/\/conurbanodiario.com.ar\/index.php?rest_route=\/wp\/v2\/posts"}],"about":[{"href":"http:\/\/conurbanodiario.com.ar\/index.php?rest_route=\/wp\/v2\/types\/post"}],"author":[{"embeddable":true,"href":"http:\/\/conurbanodiario.com.ar\/index.php?rest_route=\/wp\/v2\/users\/1"}],"replies":[{"embeddable":true,"href":"http:\/\/conurbanodiario.com.ar\/index.php?rest_route=%2Fwp%2Fv2%2Fcomments&post=75140"}],"version-history":[{"count":1,"href":"http:\/\/conurbanodiario.com.ar\/index.php?rest_route=\/wp\/v2\/posts\/75140\/revisions"}],"predecessor-version":[{"id":75142,"href":"http:\/\/conurbanodiario.com.ar\/index.php?rest_route=\/wp\/v2\/posts\/75140\/revisions\/75142"}],"wp:featuredmedia":[{"embeddable":true,"href":"http:\/\/conurbanodiario.com.ar\/index.php?rest_route=\/wp\/v2\/media\/75141"}],"wp:attachment":[{"href":"http:\/\/conurbanodiario.com.ar\/index.php?rest_route=%2Fwp%2Fv2%2Fmedia&parent=75140"}],"wp:term":[{"taxonomy":"category","embeddable":true,"href":"http:\/\/conurbanodiario.com.ar\/index.php?rest_route=%2Fwp%2Fv2%2Fcategories&post=75140"},{"taxonomy":"post_tag","embeddable":true,"href":"http:\/\/conurbanodiario.com.ar\/index.php?rest_route=%2Fwp%2Fv2%2Ftags&post=75140"}],"curies":[{"name":"wp","href":"https:\/\/api.w.org\/{rel}","templated":true}]}}