{"id":75128,"date":"2024-07-31T04:55:00","date_gmt":"2024-07-31T07:55:00","guid":{"rendered":"https:\/\/conurbanodiario.com.ar\/?p=75128"},"modified":"2024-08-02T18:31:08","modified_gmt":"2024-08-02T21:31:08","slug":"gran-cierre-de-las-vacaciones-de-invierno-en-berazategui","status":"publish","type":"post","link":"http:\/\/conurbanodiario.com.ar\/?p=75128","title":{"rendered":"GRAN CIERRE DE LAS VACACIONES DE INVIERNO EN BERAZATEGUI"},"content":{"rendered":"\n<p>El Ciclo Vacaciones en Familia, que organiz\u00f3 la Municipalidad de Berazategui durante el receso escolar de invierno, lleg\u00f3 a su fin. El cierre consisti\u00f3 en una gran jornada que cont\u00f3 con las presentaciones de los espect\u00e1culos Vaiv\u00e9n D\u00fao y Kabradepata, una propuesta del Instituto Cultural de la Provincia de Buenos Aires. Adem\u00e1s, estuvieron los juegos y talleres de Cultura Colectiva y la Feria Regal\u00e1 Cultura.<\/p>\n\n\n\n<p>Durante estas dos semanas, los vecinos y vecinas pudieron disfrutar de otras actividades abiertas y gratuitas que se realizaron en distintos puntos de la ciudad. Algunas de ellas fueron el show de Shambala Circo, paseos, excursiones y propuestas recreativas; espect\u00e1culos de teatro y t\u00edteres, talleres y juegos para las infancias en los Museos y Complejos Culturales Municipales; as\u00ed como Cine y el m\u00f3vil de Cultura Colectiva en los barrios.<\/p>\n\n\n\n<p>Este Ciclo fue impulsado por el intendente Juan Jos\u00e9 Mussi y organizado por las Secretar\u00edas de Cultura y Educaci\u00f3n, y de Desarrollo Social y Comunitario, Recreaci\u00f3n, Turismo y Deportes.<\/p>\n\n\n\n<p>Al respecto, el secretario de Cultura y Educaci\u00f3n, Federico L\u00f3pez, destac\u00f3: \u201cGracias a todos los vecinos y vecinas que se acercaron a disfrutar de las distintas propuestas del Municipio durante estos 15 d\u00edas. Esta nutrida agenda fue posible gracias a la gesti\u00f3n del intendente Juan Jos\u00e9 Mussi\u201d.<\/p>\n\n\n\n<p>Franco Cabrera, un vecino de El Pato, expres\u00f3: \u201cEs muy bueno lo que propone la Municipalidad en cada una de las vacaciones de invierno, especialmente para los chicos y chicas. Y que sea gratuito es una gran ayuda, adem\u00e1s de que los espect\u00e1culos son de una gran calidad\u201d.<\/p>\n","protected":false},"excerpt":{"rendered":"<p>El Ciclo Vacaciones en Familia, que organiz\u00f3 la Municipalidad de Berazategui durante el receso escolar&#8230;<\/p>\n","protected":false},"author":1,"featured_media":75129,"comment_status":"closed","ping_status":"closed","sticky":false,"template":"","format":"standard","meta":{"footnotes":""},"categories":[1,3],"tags":[],"class_list":["post-75128","post","type-post","status-publish","format-standard","has-post-thumbnail","hentry","category-noticia-del-dia","category-informacion-general"],"_links":{"self":[{"href":"http:\/\/conurbanodiario.com.ar\/index.php?rest_route=\/wp\/v2\/posts\/75128","targetHints":{"allow":["GET"]}}],"collection":[{"href":"http:\/\/conurbanodiario.com.ar\/index.php?rest_route=\/wp\/v2\/posts"}],"about":[{"href":"http:\/\/conurbanodiario.com.ar\/index.php?rest_route=\/wp\/v2\/types\/post"}],"author":[{"embeddable":true,"href":"http:\/\/conurbanodiario.com.ar\/index.php?rest_route=\/wp\/v2\/users\/1"}],"replies":[{"embeddable":true,"href":"http:\/\/conurbanodiario.com.ar\/index.php?rest_route=%2Fwp%2Fv2%2Fcomments&post=75128"}],"version-history":[{"count":1,"href":"http:\/\/conurbanodiario.com.ar\/index.php?rest_route=\/wp\/v2\/posts\/75128\/revisions"}],"predecessor-version":[{"id":75130,"href":"http:\/\/conurbanodiario.com.ar\/index.php?rest_route=\/wp\/v2\/posts\/75128\/revisions\/75130"}],"wp:featuredmedia":[{"embeddable":true,"href":"http:\/\/conurbanodiario.com.ar\/index.php?rest_route=\/wp\/v2\/media\/75129"}],"wp:attachment":[{"href":"http:\/\/conurbanodiario.com.ar\/index.php?rest_route=%2Fwp%2Fv2%2Fmedia&parent=75128"}],"wp:term":[{"taxonomy":"category","embeddable":true,"href":"http:\/\/conurbanodiario.com.ar\/index.php?rest_route=%2Fwp%2Fv2%2Fcategories&post=75128"},{"taxonomy":"post_tag","embeddable":true,"href":"http:\/\/conurbanodiario.com.ar\/index.php?rest_route=%2Fwp%2Fv2%2Ftags&post=75128"}],"curies":[{"name":"wp","href":"https:\/\/api.w.org\/{rel}","templated":true}]}}