{"id":75107,"date":"2024-07-31T01:08:00","date_gmt":"2024-07-31T04:08:00","guid":{"rendered":"https:\/\/conurbanodiario.com.ar\/?p=75107"},"modified":"2024-08-02T18:31:08","modified_gmt":"2024-08-02T21:31:08","slug":"el-4-de-agosto-finaliza-el-periodo-de-reinscripcion-para-mantener-la-tarifa-social-energetica","status":"publish","type":"post","link":"http:\/\/conurbanodiario.com.ar\/?p=75107","title":{"rendered":"EL 4 DE AGOSTO FINALIZA EL PER\u00cdODO DE REINSCRIPCI\u00d3N PARA MANTENER LA TARIFA SOCIAL ENERG\u00c9TICA"},"content":{"rendered":"\n<p>El Gobierno de la Provincia de Buenos Aires recomend\u00f3 a los usuarios alcanzados por la tarifa social que se re-inscriban en el Registro de Acceso a los Subsidios a la Energ\u00eda (RASE), para poder mantener el beneficio y atenuar los fuertes aumentos impulsados por el Gobierno nacional en los servicios de gas y electricidad. La fecha l\u00edmite para hacer el tr\u00e1mite es el 4 de agosto.<\/p>\n\n\n\n<p>A partir de una resoluci\u00f3n de la Secretar\u00eda de Energ\u00eda de la Naci\u00f3n, se estableci\u00f3 que todos aquellos usuarios que hab\u00edan sido inscriptos autom\u00e1ticamente por pertenecer a hogares de bajos ingresos est\u00e1n obligados a reinscribirse y\/o actualizar sus datos. Para hacerlo deben ingresar a la p\u00e1gina web www.argentina.gob.ar\/subsidios y seguir los pasos necesarios para completar los formularios.<\/p>\n\n\n\n<p>All\u00ed se les requerir\u00e1 el DNI, el n\u00famero de CUIL e informaci\u00f3n respecto de los ingresos de bolsillo de cada uno de los mayores de 18 a\u00f1os que componen el hogar. Adem\u00e1s, se les solicitar\u00e1 el n\u00famero de medidor y de cliente, servicio, cuenta, contrato o N\u00famero de Identificaci\u00f3n del Suministro (NIS) que est\u00e1n en las facturas de energ\u00eda el\u00e9ctrica y gas natural por red.<\/p>\n\n\n\n<p>Al respecto, durante su habitual conferencia de prensa de los lunes, el ministro de Gobierno, Carlos Bianco, insisti\u00f3 en que \u201ctodos los beneficiarios de la tarifa social energ\u00e9tica deben reinscribirse a trav\u00e9s en el RASE para sostener sus subsidios en el marco de los fuertes aumentos que est\u00e1 llevando adelante el Gobierno nacional\u201d.<\/p>\n\n\n\n<p>Cerca de la mitad de los usuarios residenciales bonaerenses forman parte de la categor\u00eda denominada N2, perteneciente a la segmentaci\u00f3n de hogares con ingresos menores a los $873.000 (a valores de junio). De no inscribirse, ser\u00e1n re-categorizados autom\u00e1ticamente como N1 \u2013hogares de altos ingresos-, con un salto sustancial en los valores de las tarifas.<\/p>\n\n\n\n<p>Asimismo, ante los \u00faltimos aumentos establecidos por el Gobierno nacional, que afectaron en mayor proporci\u00f3n a los hogares con menores ingresos, la Provincia de Buenos Aires ya est\u00e1 implementando, con presupuesto provincial, una mejora en la tarifa social energ\u00e9tica en beneficio de 3 millones de hogares bonaerenses.<\/p>\n","protected":false},"excerpt":{"rendered":"<p>El Gobierno de la Provincia de Buenos Aires recomend\u00f3 a los usuarios alcanzados por la&#8230;<\/p>\n","protected":false},"author":1,"featured_media":75110,"comment_status":"closed","ping_status":"closed","sticky":false,"template":"","format":"standard","meta":{"footnotes":""},"categories":[28],"tags":[],"class_list":["post-75107","post","type-post","status-publish","format-standard","has-post-thumbnail","hentry","category-la-provincia"],"_links":{"self":[{"href":"http:\/\/conurbanodiario.com.ar\/index.php?rest_route=\/wp\/v2\/posts\/75107","targetHints":{"allow":["GET"]}}],"collection":[{"href":"http:\/\/conurbanodiario.com.ar\/index.php?rest_route=\/wp\/v2\/posts"}],"about":[{"href":"http:\/\/conurbanodiario.com.ar\/index.php?rest_route=\/wp\/v2\/types\/post"}],"author":[{"embeddable":true,"href":"http:\/\/conurbanodiario.com.ar\/index.php?rest_route=\/wp\/v2\/users\/1"}],"replies":[{"embeddable":true,"href":"http:\/\/conurbanodiario.com.ar\/index.php?rest_route=%2Fwp%2Fv2%2Fcomments&post=75107"}],"version-history":[{"count":1,"href":"http:\/\/conurbanodiario.com.ar\/index.php?rest_route=\/wp\/v2\/posts\/75107\/revisions"}],"predecessor-version":[{"id":75109,"href":"http:\/\/conurbanodiario.com.ar\/index.php?rest_route=\/wp\/v2\/posts\/75107\/revisions\/75109"}],"wp:featuredmedia":[{"embeddable":true,"href":"http:\/\/conurbanodiario.com.ar\/index.php?rest_route=\/wp\/v2\/media\/75110"}],"wp:attachment":[{"href":"http:\/\/conurbanodiario.com.ar\/index.php?rest_route=%2Fwp%2Fv2%2Fmedia&parent=75107"}],"wp:term":[{"taxonomy":"category","embeddable":true,"href":"http:\/\/conurbanodiario.com.ar\/index.php?rest_route=%2Fwp%2Fv2%2Fcategories&post=75107"},{"taxonomy":"post_tag","embeddable":true,"href":"http:\/\/conurbanodiario.com.ar\/index.php?rest_route=%2Fwp%2Fv2%2Ftags&post=75107"}],"curies":[{"name":"wp","href":"https:\/\/api.w.org\/{rel}","templated":true}]}}