{"id":75077,"date":"2024-07-19T18:59:08","date_gmt":"2024-07-19T21:59:08","guid":{"rendered":"https:\/\/conurbanodiario.com.ar\/?p=75077"},"modified":"2024-07-21T23:55:06","modified_gmt":"2024-07-22T02:55:06","slug":"la-flauta-magica-una-pieza-musical-imperdible-en-varela","status":"publish","type":"post","link":"http:\/\/conurbanodiario.com.ar\/?p=75077","title":{"rendered":"&#8220;LA FLAUTA M\u00c1GICA&#8221;, UNA PIEZA MUSICAL IMPERDIBLE EN VARELA"},"content":{"rendered":"\n<p>La segunda semana de vacaciones inicia el lunes 22 de julio con un espect\u00e1culo protagonizado por la Orquesta Sinf\u00f3nica Municipal y la Compa\u00f1\u00eda Independiente Exultate Lyrica quienes reversionar\u00e1n la aclamada obra de Amadeus Mozart en el sal\u00f3n de Bomberos Voluntarios -calle 25 de Mayo esquina Dorrego- tanto a las 14 como a las 16 hs.<\/p>\n\n\n\n<p>Dar\u00edo Dom\u00ednguez Xodo -director del ensamble local- expresa: \u201cHace mucho tiempo que trabajamos con el objetivo de ofrecer a los ni\u00f1os y las ni\u00f1as varelenses esta adaptaci\u00f3n en espa\u00f1ol, de corta duraci\u00f3n, que narra un cuento de hadas\u201d.<\/p>\n\n\n\n<p>Asimismo, celebra \u201cel \u00e9xito de las dos primeras presentaciones\u201d. Destaca la posibilidad de \u201carticular el cuerpo musical con el art\u00edstico\u201d en \u201c\u00f3peras donde los vecinos y las vecinas disfruten nuestros conciertos\u201d. \u201cEstamos muy contentos por colaborar con artistas vocales\u201d, reflexiona.<\/p>\n\n\n\n<p>En los preparativos, si bien el Maestro revela \u201censayos por separado\u201d, visita \u201clas pr\u00e1cticas con el prop\u00f3sito que en escenario todo salga perfecto\u201d.<\/p>\n","protected":false},"excerpt":{"rendered":"<p>La segunda semana de vacaciones inicia el lunes 22 de julio con un espect\u00e1culo protagonizado&#8230;<\/p>\n","protected":false},"author":1,"featured_media":75078,"comment_status":"closed","ping_status":"closed","sticky":false,"template":"","format":"standard","meta":{"footnotes":""},"categories":[8],"tags":[],"class_list":["post-75077","post","type-post","status-publish","format-standard","has-post-thumbnail","hentry","category-cultura"],"_links":{"self":[{"href":"http:\/\/conurbanodiario.com.ar\/index.php?rest_route=\/wp\/v2\/posts\/75077","targetHints":{"allow":["GET"]}}],"collection":[{"href":"http:\/\/conurbanodiario.com.ar\/index.php?rest_route=\/wp\/v2\/posts"}],"about":[{"href":"http:\/\/conurbanodiario.com.ar\/index.php?rest_route=\/wp\/v2\/types\/post"}],"author":[{"embeddable":true,"href":"http:\/\/conurbanodiario.com.ar\/index.php?rest_route=\/wp\/v2\/users\/1"}],"replies":[{"embeddable":true,"href":"http:\/\/conurbanodiario.com.ar\/index.php?rest_route=%2Fwp%2Fv2%2Fcomments&post=75077"}],"version-history":[{"count":2,"href":"http:\/\/conurbanodiario.com.ar\/index.php?rest_route=\/wp\/v2\/posts\/75077\/revisions"}],"predecessor-version":[{"id":75080,"href":"http:\/\/conurbanodiario.com.ar\/index.php?rest_route=\/wp\/v2\/posts\/75077\/revisions\/75080"}],"wp:featuredmedia":[{"embeddable":true,"href":"http:\/\/conurbanodiario.com.ar\/index.php?rest_route=\/wp\/v2\/media\/75078"}],"wp:attachment":[{"href":"http:\/\/conurbanodiario.com.ar\/index.php?rest_route=%2Fwp%2Fv2%2Fmedia&parent=75077"}],"wp:term":[{"taxonomy":"category","embeddable":true,"href":"http:\/\/conurbanodiario.com.ar\/index.php?rest_route=%2Fwp%2Fv2%2Fcategories&post=75077"},{"taxonomy":"post_tag","embeddable":true,"href":"http:\/\/conurbanodiario.com.ar\/index.php?rest_route=%2Fwp%2Fv2%2Ftags&post=75077"}],"curies":[{"name":"wp","href":"https:\/\/api.w.org\/{rel}","templated":true}]}}