{"id":75071,"date":"2024-07-19T01:03:00","date_gmt":"2024-07-19T04:03:00","guid":{"rendered":"https:\/\/conurbanodiario.com.ar\/?p=75071"},"modified":"2024-07-21T23:55:19","modified_gmt":"2024-07-22T02:55:19","slug":"gran-operativo-vial-y-de-alcoholemia-en-la-bajada-de-la-autopista-en-quilmes","status":"publish","type":"post","link":"http:\/\/conurbanodiario.com.ar\/?p=75071","title":{"rendered":"GRAN OPERATIVO VIAL Y DE ALCOHOLEMIA EN LA BAJADA DE LA AUTOPISTA EN QUILMES"},"content":{"rendered":"\n<p>El Municipio de Quilmes informa que el jueves por la noche se llev\u00f3 a cabo un gran operativo de tr\u00e1nsito y alcoholemia, realizado por autoridades provinciales y comunales en la bajada local de la autopista Buenos Aires &#8211; La Plata, controlando el acceso al distrito. La finalidad de estos instrumentos de pacificaci\u00f3n vial se basa en la necesidad de controlar la correcta circulaci\u00f3n, sancionar a quienes no respetan las normas y reducir as\u00ed los accidentes de tr\u00e1nsito.<\/p>\n\n\n\n<p>El despliegue realizado, que cont\u00f3 con la participaci\u00f3n de personal de la Secretar\u00eda de Seguridad y la Direcci\u00f3n General de Tr\u00e1nsito municipal, AUBASA (empresa que administra la autov\u00eda) y efectivos policiales de la Secci\u00f3n de Alcoholemia Vial, arroj\u00f3 resultados positivos y finaliz\u00f3 con el secuestro de varios veh\u00edculos por encontrarse en estado de infracci\u00f3n.<\/p>\n\n\n\n<p>En el operativo se control\u00f3 sistem\u00e1ticamente a los autom\u00f3viles y motos que ingresaban al distrito. Entre los conductores inspeccionados hubo varios que se encontraban manejando sin registro y otros que dieron positivo al test de alcoholemia. Adem\u00e1s, se sancionaron veh\u00edculos por no contar con la verificaci\u00f3n t\u00e9cnica.<\/p>\n\n\n\n<p>En este marco, se confeccionaron 12 actas por distintas infracciones, y de 375 test de alcoholemia solo hubo 2 positivas (en provincia de Buenos Aires la tolerancia es cero).<\/p>\n","protected":false},"excerpt":{"rendered":"<p>El Municipio de Quilmes informa que el jueves por la noche se llev\u00f3 a cabo&#8230;<\/p>\n","protected":false},"author":1,"featured_media":75072,"comment_status":"closed","ping_status":"closed","sticky":false,"template":"","format":"standard","meta":{"footnotes":""},"categories":[1,3],"tags":[],"class_list":["post-75071","post","type-post","status-publish","format-standard","has-post-thumbnail","hentry","category-noticia-del-dia","category-informacion-general"],"_links":{"self":[{"href":"http:\/\/conurbanodiario.com.ar\/index.php?rest_route=\/wp\/v2\/posts\/75071","targetHints":{"allow":["GET"]}}],"collection":[{"href":"http:\/\/conurbanodiario.com.ar\/index.php?rest_route=\/wp\/v2\/posts"}],"about":[{"href":"http:\/\/conurbanodiario.com.ar\/index.php?rest_route=\/wp\/v2\/types\/post"}],"author":[{"embeddable":true,"href":"http:\/\/conurbanodiario.com.ar\/index.php?rest_route=\/wp\/v2\/users\/1"}],"replies":[{"embeddable":true,"href":"http:\/\/conurbanodiario.com.ar\/index.php?rest_route=%2Fwp%2Fv2%2Fcomments&post=75071"}],"version-history":[{"count":1,"href":"http:\/\/conurbanodiario.com.ar\/index.php?rest_route=\/wp\/v2\/posts\/75071\/revisions"}],"predecessor-version":[{"id":75073,"href":"http:\/\/conurbanodiario.com.ar\/index.php?rest_route=\/wp\/v2\/posts\/75071\/revisions\/75073"}],"wp:featuredmedia":[{"embeddable":true,"href":"http:\/\/conurbanodiario.com.ar\/index.php?rest_route=\/wp\/v2\/media\/75072"}],"wp:attachment":[{"href":"http:\/\/conurbanodiario.com.ar\/index.php?rest_route=%2Fwp%2Fv2%2Fmedia&parent=75071"}],"wp:term":[{"taxonomy":"category","embeddable":true,"href":"http:\/\/conurbanodiario.com.ar\/index.php?rest_route=%2Fwp%2Fv2%2Fcategories&post=75071"},{"taxonomy":"post_tag","embeddable":true,"href":"http:\/\/conurbanodiario.com.ar\/index.php?rest_route=%2Fwp%2Fv2%2Ftags&post=75071"}],"curies":[{"name":"wp","href":"https:\/\/api.w.org\/{rel}","templated":true}]}}