{"id":75062,"date":"2024-07-19T01:01:00","date_gmt":"2024-07-19T04:01:00","guid":{"rendered":"https:\/\/conurbanodiario.com.ar\/?p=75062"},"modified":"2024-07-21T23:55:19","modified_gmt":"2024-07-22T02:55:19","slug":"tomado-de-juntas-en-km26700","status":"publish","type":"post","link":"http:\/\/conurbanodiario.com.ar\/?p=75062","title":{"rendered":"TOMADO DE JUNTAS EN KM26700"},"content":{"rendered":"\n<p>El Municipio estipula las tareas para la conservaci\u00f3n del pavimento el lunes 22 de julio desde las 9.30 hasta las 17.30 sobre calle El Omb\u00fa -entre Mart\u00edn Fierro y El Talla- como en Mart\u00edn Fierro -de El Omb\u00fa a El Aljibe-, supeditadas a las condiciones clim\u00e1ticas.<\/p>\n","protected":false},"excerpt":{"rendered":"<p>El Municipio estipula las tareas para la conservaci\u00f3n del pavimento el lunes 22 de julio&#8230;<\/p>\n","protected":false},"author":1,"featured_media":75063,"comment_status":"closed","ping_status":"closed","sticky":false,"template":"","format":"standard","meta":{"footnotes":""},"categories":[33,3],"tags":[],"class_list":["post-75062","post","type-post","status-publish","format-standard","has-post-thumbnail","hentry","category-destacados","category-informacion-general"],"_links":{"self":[{"href":"http:\/\/conurbanodiario.com.ar\/index.php?rest_route=\/wp\/v2\/posts\/75062","targetHints":{"allow":["GET"]}}],"collection":[{"href":"http:\/\/conurbanodiario.com.ar\/index.php?rest_route=\/wp\/v2\/posts"}],"about":[{"href":"http:\/\/conurbanodiario.com.ar\/index.php?rest_route=\/wp\/v2\/types\/post"}],"author":[{"embeddable":true,"href":"http:\/\/conurbanodiario.com.ar\/index.php?rest_route=\/wp\/v2\/users\/1"}],"replies":[{"embeddable":true,"href":"http:\/\/conurbanodiario.com.ar\/index.php?rest_route=%2Fwp%2Fv2%2Fcomments&post=75062"}],"version-history":[{"count":1,"href":"http:\/\/conurbanodiario.com.ar\/index.php?rest_route=\/wp\/v2\/posts\/75062\/revisions"}],"predecessor-version":[{"id":75064,"href":"http:\/\/conurbanodiario.com.ar\/index.php?rest_route=\/wp\/v2\/posts\/75062\/revisions\/75064"}],"wp:featuredmedia":[{"embeddable":true,"href":"http:\/\/conurbanodiario.com.ar\/index.php?rest_route=\/wp\/v2\/media\/75063"}],"wp:attachment":[{"href":"http:\/\/conurbanodiario.com.ar\/index.php?rest_route=%2Fwp%2Fv2%2Fmedia&parent=75062"}],"wp:term":[{"taxonomy":"category","embeddable":true,"href":"http:\/\/conurbanodiario.com.ar\/index.php?rest_route=%2Fwp%2Fv2%2Fcategories&post=75062"},{"taxonomy":"post_tag","embeddable":true,"href":"http:\/\/conurbanodiario.com.ar\/index.php?rest_route=%2Fwp%2Fv2%2Ftags&post=75062"}],"curies":[{"name":"wp","href":"https:\/\/api.w.org\/{rel}","templated":true}]}}