{"id":75056,"date":"2024-07-19T18:14:55","date_gmt":"2024-07-19T21:14:55","guid":{"rendered":"https:\/\/conurbanodiario.com.ar\/?p=75056"},"modified":"2024-07-21T23:55:19","modified_gmt":"2024-07-22T02:55:19","slug":"berazategui-mussi-inauguro-la-repavimentacion-de-la-calle-107","status":"publish","type":"post","link":"http:\/\/conurbanodiario.com.ar\/?p=75056","title":{"rendered":"BERAZATEGUI: MUSSI INAUGUR\u00d3 LA REPAVIMENTACI\u00d3N DE LA CALLE 107"},"content":{"rendered":"\n<p><strong>En Berazategui, la calle 107 entre la avenida 7 y la calle 9 (barrio San Pedro) ya luce repavimentada y ensanchada. Esta nueva obra fue realizada con financiamiento municipal e inaugurada en un acto encabezado por el intendente Juan Jos\u00e9 Mussi.<\/strong><\/p>\n\n\n\n<p>Se trata de nuevas cuadras de carpeta asf\u00e1ltica construidas tras la realizaci\u00f3n de obras de saneamiento, sin cord\u00f3n cuneta, con zanjeo y ca\u00f1os. Esta obra permitir\u00e1 mejorar la calidad de vida de los ciudadanos y la accesibilidad, as\u00ed como favorecer la circulaci\u00f3n peatonal y vehicular.<\/p>\n\n\n\n<p>Durante el acto inaugural, Mussi destac\u00f3: \u201cEsta es una obra que favorece al barrio y fundamentalmente al Centro de Jubilados El Fort\u00edn de San Pedro. Para nosotros eso es muy importante, porque en los momentos dif\u00edciles hay que proteger a las dos puntas de la vida: las infancias y las personas mayores\u201d.<\/p>\n\n\n\n<p>Por su parte, Graciela L\u00f3pez -presidenta del Centro de Jubilados El Fort\u00edn de San Pedro- expres\u00f3: \u201cAgradecemos al Intendente porque cumple con su palabra y nos dio esta alegr\u00eda. Estamos muy felices\u201d.<\/p>\n\n\n\n<p>Acompa\u00f1aron al Dr. Mussi, integrantes del Gabinete municipal; representantes de instituciones del barrio, vecinos y vecinas.<\/p>\n","protected":false},"excerpt":{"rendered":"<p>En Berazategui, la calle 107 entre la avenida 7 y la calle 9 (barrio San&#8230;<\/p>\n","protected":false},"author":1,"featured_media":75057,"comment_status":"closed","ping_status":"closed","sticky":false,"template":"","format":"standard","meta":{"footnotes":""},"categories":[3],"tags":[],"class_list":["post-75056","post","type-post","status-publish","format-standard","has-post-thumbnail","hentry","category-informacion-general"],"_links":{"self":[{"href":"http:\/\/conurbanodiario.com.ar\/index.php?rest_route=\/wp\/v2\/posts\/75056","targetHints":{"allow":["GET"]}}],"collection":[{"href":"http:\/\/conurbanodiario.com.ar\/index.php?rest_route=\/wp\/v2\/posts"}],"about":[{"href":"http:\/\/conurbanodiario.com.ar\/index.php?rest_route=\/wp\/v2\/types\/post"}],"author":[{"embeddable":true,"href":"http:\/\/conurbanodiario.com.ar\/index.php?rest_route=\/wp\/v2\/users\/1"}],"replies":[{"embeddable":true,"href":"http:\/\/conurbanodiario.com.ar\/index.php?rest_route=%2Fwp%2Fv2%2Fcomments&post=75056"}],"version-history":[{"count":1,"href":"http:\/\/conurbanodiario.com.ar\/index.php?rest_route=\/wp\/v2\/posts\/75056\/revisions"}],"predecessor-version":[{"id":75058,"href":"http:\/\/conurbanodiario.com.ar\/index.php?rest_route=\/wp\/v2\/posts\/75056\/revisions\/75058"}],"wp:featuredmedia":[{"embeddable":true,"href":"http:\/\/conurbanodiario.com.ar\/index.php?rest_route=\/wp\/v2\/media\/75057"}],"wp:attachment":[{"href":"http:\/\/conurbanodiario.com.ar\/index.php?rest_route=%2Fwp%2Fv2%2Fmedia&parent=75056"}],"wp:term":[{"taxonomy":"category","embeddable":true,"href":"http:\/\/conurbanodiario.com.ar\/index.php?rest_route=%2Fwp%2Fv2%2Fcategories&post=75056"},{"taxonomy":"post_tag","embeddable":true,"href":"http:\/\/conurbanodiario.com.ar\/index.php?rest_route=%2Fwp%2Fv2%2Ftags&post=75056"}],"curies":[{"name":"wp","href":"https:\/\/api.w.org\/{rel}","templated":true}]}}