{"id":75046,"date":"2024-07-12T23:59:01","date_gmt":"2024-07-13T02:59:01","guid":{"rendered":"https:\/\/conurbanodiario.com.ar\/?p=75046"},"modified":"2024-07-21T23:55:19","modified_gmt":"2024-07-22T02:55:19","slug":"comenzaron-las-celebraciones-por-los-25-anos-de-la-educacion-virtual-en-unq","status":"publish","type":"post","link":"http:\/\/conurbanodiario.com.ar\/?p=75046","title":{"rendered":"COMENZARON LAS CELEBRACIONES POR LOS 25 A\u00d1OS DE LA EDUCACI\u00d3N VIRTUAL EN UNQ"},"content":{"rendered":"\n<p>El 8 de julio de 2024 en el Sal\u00f3n Auditorio de la Universidad Nacional de Quilmes (UNQ) se realiz\u00f3 una jornada que incluy\u00f3, tambi\u00e9n, la inauguraci\u00f3n de la muestra \u201c25 a\u00f1os de educaci\u00f3n virtual en la UNQ\u201d, realizada por la Secretar\u00eda Acad\u00e9mica y el Programa de Cultura, y la presentaci\u00f3n de un audiovisual, producido por UNQtv junto a la Direcci\u00f3n de la Licenciatura en Artes y Tecnolog\u00edas.<\/p>\n\n\n\n<p>La actividad inici\u00f3 a las 15.30 horas con una recorrida por las muestras interactivas \u201cObservar Participar Interactuar\u201d, de Gabriel Saiambarrena, y \u201cr_lar\u201d de Federico Joselevich Puiggr\u00f3s, graduado y docente de la modalidad a distancia, respectivamente.<\/p>\n\n\n\n<p>A las 16 horas, el rector de la UNQ Alfredo Alfonso inaugur\u00f3 las actividades para luego dar lugar a un panel formado por Jorge Flores, Sara P\u00e9rez, Alejandro Villar, Germ\u00e1n Dabat, Walter Campi y Eliana Bustamante, quienes tuvieron la responsabilidad de gestionar la modalidad durante los \u00faltimos 25 a\u00f1os.<\/p>\n\n\n\n<p>La Universidad Nacional de Quilmes (UNQ) comenz\u00f3 a dictar carreras a distancia en 1999. Fue pionera en Argentina y en Latinoam\u00e9rica en desarrollar un modelo de educaci\u00f3n a distancia utilizando internet. Desde entonces traz\u00f3 un camino de innovaci\u00f3n que abarca el grado y el posgrado, la investigaci\u00f3n, la transferencia y la extensi\u00f3n.<\/p>\n\n\n\n<p>Durante 2024 y en el marco de los 35 a\u00f1os de su creaci\u00f3n, la UNQ celebrar\u00e1 25 a\u00f1os de trayectoria en educaci\u00f3n virtual, con distintas actividades acad\u00e9micas y culturales. Una de ellas es el ciclo de seminarios en l\u00ednea Educaci\u00f3n virtual: pasado, presente y futuro, que se desarrollar\u00e1 de julio a noviembre con encuentros mensuales, el segundo lunes de cada mes, con la participaci\u00f3n de expositores y expositoras (ver Programa).<\/p>\n\n\n\n<p>A trav\u00e9s de la Resoluci\u00f3n N\u00b011\/24, el Consejo Superior de la Universidad Nacional de Quilmes declar\u00f3 de inter\u00e9s institucional las actividades acad\u00e9micas y culturales desarrolladas por los 25 a\u00f1os de educaci\u00f3n virtual en la UNQ.<\/p>\n","protected":false},"excerpt":{"rendered":"<p>El 8 de julio de 2024 en el Sal\u00f3n Auditorio de la Universidad Nacional de&#8230;<\/p>\n","protected":false},"author":1,"featured_media":75047,"comment_status":"closed","ping_status":"closed","sticky":false,"template":"","format":"standard","meta":{"footnotes":""},"categories":[27],"tags":[],"class_list":["post-75046","post","type-post","status-publish","format-standard","has-post-thumbnail","hentry","category-educacion"],"_links":{"self":[{"href":"http:\/\/conurbanodiario.com.ar\/index.php?rest_route=\/wp\/v2\/posts\/75046","targetHints":{"allow":["GET"]}}],"collection":[{"href":"http:\/\/conurbanodiario.com.ar\/index.php?rest_route=\/wp\/v2\/posts"}],"about":[{"href":"http:\/\/conurbanodiario.com.ar\/index.php?rest_route=\/wp\/v2\/types\/post"}],"author":[{"embeddable":true,"href":"http:\/\/conurbanodiario.com.ar\/index.php?rest_route=\/wp\/v2\/users\/1"}],"replies":[{"embeddable":true,"href":"http:\/\/conurbanodiario.com.ar\/index.php?rest_route=%2Fwp%2Fv2%2Fcomments&post=75046"}],"version-history":[{"count":1,"href":"http:\/\/conurbanodiario.com.ar\/index.php?rest_route=\/wp\/v2\/posts\/75046\/revisions"}],"predecessor-version":[{"id":75048,"href":"http:\/\/conurbanodiario.com.ar\/index.php?rest_route=\/wp\/v2\/posts\/75046\/revisions\/75048"}],"wp:featuredmedia":[{"embeddable":true,"href":"http:\/\/conurbanodiario.com.ar\/index.php?rest_route=\/wp\/v2\/media\/75047"}],"wp:attachment":[{"href":"http:\/\/conurbanodiario.com.ar\/index.php?rest_route=%2Fwp%2Fv2%2Fmedia&parent=75046"}],"wp:term":[{"taxonomy":"category","embeddable":true,"href":"http:\/\/conurbanodiario.com.ar\/index.php?rest_route=%2Fwp%2Fv2%2Fcategories&post=75046"},{"taxonomy":"post_tag","embeddable":true,"href":"http:\/\/conurbanodiario.com.ar\/index.php?rest_route=%2Fwp%2Fv2%2Ftags&post=75046"}],"curies":[{"name":"wp","href":"https:\/\/api.w.org\/{rel}","templated":true}]}}