{"id":75030,"date":"2024-07-12T21:30:43","date_gmt":"2024-07-13T00:30:43","guid":{"rendered":"https:\/\/conurbanodiario.com.ar\/?p=75030"},"modified":"2024-07-21T23:55:19","modified_gmt":"2024-07-22T02:55:19","slug":"varela-estudiantes-de-la-primaria-no62-recibieron-anteojos-gratuitos-tras-controles-oftalmologicos","status":"publish","type":"post","link":"http:\/\/conurbanodiario.com.ar\/?p=75030","title":{"rendered":"VARELA: ESTUDIANTES DE LA PRIMARIA N\u00ba62 RECIBIERON ANTEOJOS GRATUITOS TRAS CONTROLES OFTALMOL\u00d3GICOS"},"content":{"rendered":"\n<p>Una estrategia ideada entre el Municipio y la Fundaci\u00f3n Banco Provincia a fin de proporcionar un instrumento clave para la visi\u00f3n, diagnosticar aquellas afecciones que fueron obst\u00e1culos en los aprendizajes como tambi\u00e9n en la rutina de las infancias.<\/p>\n\n\n\n<p>El mi\u00e9rcoles fue de ansiedad para las familias, pero de alegr\u00eda para el alumnado del establecimiento situado en Agust\u00edn Ram\u00edrez: luego de una etapa inicial con chequeos oftalmol\u00f3gicos sin costo a 74 ni\u00f1os y ni\u00f1as, 18 precisaron lentes.&nbsp;&nbsp;<\/p>\n\n\n\n<p>El intendente -Andr\u00e9s Watson- consider\u00f3 \u201cimportant\u00edsimo alcanzar este objetivo que signific\u00f3 un mejor desarrollo educativo, cognitivo, social, mediante un dispositivo impulsado desde el gobierno bonaerense a partir de la decisi\u00f3n pol\u00edtica del gobernador Axel Kicillof\u201d.<\/p>\n\n\n\n<p>El vicepresidente de la entidad perteneciente a la banca p\u00fablica provincial, Alejandro Alegretti, comparti\u00f3 diversas charlas con los chicos y las chicas donde descubri\u00f3 \u201cun mont\u00f3n de proyectos\u201d. Detall\u00f3 las instancias del programa en cuesti\u00f3n junto a la labor \u201cinter\u00e1reas\u201d m\u00e1s el \u201cempuje\u201d de la administraci\u00f3n local.<\/p>\n\n\n\n<p>En el Sal\u00f3n de Usos M\u00faltiples de la escuela, las y los protagonistas estaban en primera fila. Sus seres queridos eran sus acompa\u00f1antes. Todos y todas prestaban atenci\u00f3n a los consejos de cuidado, estuches, modo de limpieza.<\/p>\n\n\n\n<p>Norma charlaba con su nieta mientras esperaban. \u201cElla no ve\u00eda bien, hab\u00eda que actualizar la graduaci\u00f3n. Notaba dificultades, sol\u00eda elegir los asientos de adelante. Quer\u00eda llevarla a un especialista cuando lleg\u00f3 esta oportunidad\u201d, relat\u00f3 la mujer.<\/p>\n\n\n\n<p>Isabel acomod\u00f3 a su peque\u00f1a en una de las sillas principales. \u201cNo pod\u00eda hacerle los anteojos. Cuando nos enteramos de la campa\u00f1a, vinimos\u201d, record\u00f3. \u201cLe hicieron fondo de ojos, vio a una doctora y le detectaron un problemita en uno de ellos. Por eso, ella quedaba atrasada con sus lecturas\u201d, precis\u00f3 la se\u00f1ora.<\/p>\n\n\n\n<p>Victoria estaba \u201cnerviosa\u201d, pero L\u00e1zaro no: jugaba por la sala. \u201cFue una ayuda porque era costoso. S\u00ed o s\u00ed ten\u00eda que atenderlo\u201d, expres\u00f3 la mam\u00e1. A su lado, Luc\u00eda subray\u00f3 la gratuidad \u201cen esta situaci\u00f3n dif\u00edcil\u201d. Sinti\u00f3 \u201cconformidad con la gesti\u00f3n de Andr\u00e9s, no solo por esta posibilidad, sino acercar los operativos de tr\u00e1mites a los barrios\u201d.&nbsp;&nbsp;<\/p>\n\n\n\n<p>La directora de la E.P. N\u00ba62, Beatriz Mierez, afirm\u00f3: \u201cFue un d\u00eda hermoso para nuestros alumnos y alumnas que no estudiaban plenamente, no distingu\u00edan palabras, terminaban con dolores de cabeza\u201d. \u201cFue un aliciente en la instancia donde adquirieron saberes como en su calidad de vida\u201d, cerr\u00f3.<\/p>\n\n\n\n<p>\u201cVer para aprender\u201d fue realizado en 9 instituciones de Florencio Varela, donde efectuaron 1.223 controles. Estuvo presente la gerenta de la Fundaci\u00f3n Banco Provincia, Fabiana Rubinstein; funcionarios municipales, representantes del \u00e1mbito educativo, entre otros.<\/p>\n","protected":false},"excerpt":{"rendered":"<p>Una estrategia ideada entre el Municipio y la Fundaci\u00f3n Banco Provincia a fin de proporcionar&#8230;<\/p>\n","protected":false},"author":1,"featured_media":75031,"comment_status":"closed","ping_status":"closed","sticky":false,"template":"","format":"standard","meta":{"footnotes":""},"categories":[31],"tags":[],"class_list":["post-75030","post","type-post","status-publish","format-standard","has-post-thumbnail","hentry","category-salud"],"_links":{"self":[{"href":"http:\/\/conurbanodiario.com.ar\/index.php?rest_route=\/wp\/v2\/posts\/75030","targetHints":{"allow":["GET"]}}],"collection":[{"href":"http:\/\/conurbanodiario.com.ar\/index.php?rest_route=\/wp\/v2\/posts"}],"about":[{"href":"http:\/\/conurbanodiario.com.ar\/index.php?rest_route=\/wp\/v2\/types\/post"}],"author":[{"embeddable":true,"href":"http:\/\/conurbanodiario.com.ar\/index.php?rest_route=\/wp\/v2\/users\/1"}],"replies":[{"embeddable":true,"href":"http:\/\/conurbanodiario.com.ar\/index.php?rest_route=%2Fwp%2Fv2%2Fcomments&post=75030"}],"version-history":[{"count":1,"href":"http:\/\/conurbanodiario.com.ar\/index.php?rest_route=\/wp\/v2\/posts\/75030\/revisions"}],"predecessor-version":[{"id":75032,"href":"http:\/\/conurbanodiario.com.ar\/index.php?rest_route=\/wp\/v2\/posts\/75030\/revisions\/75032"}],"wp:featuredmedia":[{"embeddable":true,"href":"http:\/\/conurbanodiario.com.ar\/index.php?rest_route=\/wp\/v2\/media\/75031"}],"wp:attachment":[{"href":"http:\/\/conurbanodiario.com.ar\/index.php?rest_route=%2Fwp%2Fv2%2Fmedia&parent=75030"}],"wp:term":[{"taxonomy":"category","embeddable":true,"href":"http:\/\/conurbanodiario.com.ar\/index.php?rest_route=%2Fwp%2Fv2%2Fcategories&post=75030"},{"taxonomy":"post_tag","embeddable":true,"href":"http:\/\/conurbanodiario.com.ar\/index.php?rest_route=%2Fwp%2Fv2%2Ftags&post=75030"}],"curies":[{"name":"wp","href":"https:\/\/api.w.org\/{rel}","templated":true}]}}