{"id":75009,"date":"2024-07-12T20:52:22","date_gmt":"2024-07-12T23:52:22","guid":{"rendered":"https:\/\/conurbanodiario.com.ar\/?p=75009"},"modified":"2024-07-21T23:55:19","modified_gmt":"2024-07-22T02:55:19","slug":"pablo-matera-llegara-a-100-caps-con-los-pumas","status":"publish","type":"post","link":"http:\/\/conurbanodiario.com.ar\/?p=75009","title":{"rendered":"PABLO MATERA LLEGAR\u00c1 A 100 CAPS CON LOS PUMAS"},"content":{"rendered":"\n<p>Este s\u00e1bado Los Pumas se enfrentar\u00e1n a Francia a las 16 (hora Argentina) en el estadio Jos\u00e9 Amalfitani y Pablo Matera, jugador de Los Pumas, se convertir\u00e1 en el tercer rugbista argentino en llegar a los 100 caps seguido de Agust\u00edn Creevy (108) y Nicol\u00e1s S\u00e1nchez (104), quienes llegaron a la cifra hist\u00f3rica en el Mundial de Francia 2023.<\/p>\n\n\n\n<p>El rugbier debut\u00f3 el 1ro de mayo del 2013 ante Chile en Montevideo, Uruguay. Marc\u00f3 un try en la goleada para el seleccionado Albiceleste de 85-10. Tambi\u00e9n estuvo presente en grandes triunfos como contra Sud\u00e1frica en Durban, Salta y Mendoza; en el Millennium de Cardiff frente a Irlanda; ante Francia en Tucum\u00e1n; Australia en Gold Coast y San Juan; las hist\u00f3ricas victorias en Parramatta y Christchurch frente a Nueva Zelanda; contra Gales en Cardiff y ante Inglaterra en Twickenham.<\/p>\n\n\n\n<p>Pablo Matera hizo referencia a un nuevo desaf\u00edo en en el estadio de el Fort\u00edn: \u201cV\u00e9lez es un lugar que nos representa mucho, tuvimos muchos a\u00f1os jugando con Jaguares ah\u00ed. Pr\u00e1cticamente sentimos que es nuestro estadio\u00bb.<\/p>\n\n\n\n<p>\u00abVolver a estar ac\u00e1, con este equipo, teniendo la oportunidad de jugar es algo \u00fanico. Va a haber mucha gente que va a venir ac\u00e1 a acompa\u00f1arme, familia, amigos, gente de Alumni. Es una semana muy especial\u201d, agreg\u00f3 el Ala de Los Pumas.<\/p>\n\n\n\n<p>Por \u00faltimo, se refiri\u00f3 a sus sensaciones sobre llegar a los 100 caps con la camiseta argentina: \u00abEs alucinante estar ac\u00e1. No tanto por los partidos en s\u00ed, sino por poder ser parte de este equipo una vez m\u00e1s, que cada a\u00f1o es m\u00e1s competitivo. Cada a\u00f1o es m\u00e1s ambicioso tambi\u00e9n. Hoy tengo una nueva oportunidad de ponerme la camiseta y creo que pongo un poco en perspectiva todo eso. M\u00e1s estando ac\u00e1 en mi casa, la ciudad en la que nac\u00ed. Ojal\u00e1 sean un mont\u00f3n m\u00e1s y ojal\u00e1 sea un gran partido para m\u00ed y para todo el equipo\u201d.<\/p>\n","protected":false},"excerpt":{"rendered":"<p>Este s\u00e1bado Los Pumas se enfrentar\u00e1n a Francia a las 16 (hora Argentina) en el&#8230;<\/p>\n","protected":false},"author":1,"featured_media":75010,"comment_status":"closed","ping_status":"closed","sticky":false,"template":"","format":"standard","meta":{"footnotes":""},"categories":[32],"tags":[],"class_list":["post-75009","post","type-post","status-publish","format-standard","has-post-thumbnail","hentry","category-deportes"],"_links":{"self":[{"href":"http:\/\/conurbanodiario.com.ar\/index.php?rest_route=\/wp\/v2\/posts\/75009","targetHints":{"allow":["GET"]}}],"collection":[{"href":"http:\/\/conurbanodiario.com.ar\/index.php?rest_route=\/wp\/v2\/posts"}],"about":[{"href":"http:\/\/conurbanodiario.com.ar\/index.php?rest_route=\/wp\/v2\/types\/post"}],"author":[{"embeddable":true,"href":"http:\/\/conurbanodiario.com.ar\/index.php?rest_route=\/wp\/v2\/users\/1"}],"replies":[{"embeddable":true,"href":"http:\/\/conurbanodiario.com.ar\/index.php?rest_route=%2Fwp%2Fv2%2Fcomments&post=75009"}],"version-history":[{"count":1,"href":"http:\/\/conurbanodiario.com.ar\/index.php?rest_route=\/wp\/v2\/posts\/75009\/revisions"}],"predecessor-version":[{"id":75011,"href":"http:\/\/conurbanodiario.com.ar\/index.php?rest_route=\/wp\/v2\/posts\/75009\/revisions\/75011"}],"wp:featuredmedia":[{"embeddable":true,"href":"http:\/\/conurbanodiario.com.ar\/index.php?rest_route=\/wp\/v2\/media\/75010"}],"wp:attachment":[{"href":"http:\/\/conurbanodiario.com.ar\/index.php?rest_route=%2Fwp%2Fv2%2Fmedia&parent=75009"}],"wp:term":[{"taxonomy":"category","embeddable":true,"href":"http:\/\/conurbanodiario.com.ar\/index.php?rest_route=%2Fwp%2Fv2%2Fcategories&post=75009"},{"taxonomy":"post_tag","embeddable":true,"href":"http:\/\/conurbanodiario.com.ar\/index.php?rest_route=%2Fwp%2Fv2%2Ftags&post=75009"}],"curies":[{"name":"wp","href":"https:\/\/api.w.org\/{rel}","templated":true}]}}