{"id":75003,"date":"2024-07-12T20:32:22","date_gmt":"2024-07-12T23:32:22","guid":{"rendered":"https:\/\/conurbanodiario.com.ar\/?p=75003"},"modified":"2024-07-21T23:55:19","modified_gmt":"2024-07-22T02:55:19","slug":"mussi-volvio-a-intimar-a-edesur","status":"publish","type":"post","link":"http:\/\/conurbanodiario.com.ar\/?p=75003","title":{"rendered":"MUSSI VOLVI\u00d3 A INTIMAR A EDESUR"},"content":{"rendered":"\n<p>El intendente de Berazategui, Juan Jos\u00e9 Mussi, volvi\u00f3 a intimar a la empresa privada EDESUR por la prestaci\u00f3n deficiente del servicio de energ\u00eda el\u00e9ctrica, que impacta negativamente en los vecinos y vecinas del partido. En esta oportunidad, se debe a los reiterados cortes intermitentes del suministro en las horas pico de consumo, que afectan al distrito desde el 4 de julio pasado.<\/p>\n\n\n\n<p>\u201cEstas fallas dejan sin servicio temporalmente a los vecinos, acarreando graves consecuencias sobre los artefactos el\u00e9ctricos y sobre las personas electrodependientes y en situaci\u00f3n de vulnerabilidad\u201d, arranca la carta documento enviada por Mussi a la empresa. Y contin\u00faa: \u201cAsimismo, afecta gravemente la provisi\u00f3n de agua potable, cuyo servicio est\u00e1 a cargo de la Comuna a trav\u00e9s de una red de pozos que act\u00faan con bombas impulsadas con energ\u00eda el\u00e9ctrica, generando un riesgo en la seguridad y salubridad de todos los habitantes de Berazategui\u201d.<\/p>\n\n\n\n<p>Desde hace 14 a\u00f1os, Juan Jos\u00e9 Mussi viene encabezando una lucha hist\u00f3rica, convirti\u00e9ndose en el Intendente que present\u00f3 m\u00e1s denuncias contra Edesur desde un Municipio. Desde 2010 hasta 2024, a\u00f1o a a\u00f1o realiz\u00f3 denuncias e intimaciones, present\u00f3 amparos e inici\u00f3 distintas acciones judiciales contra Edesur, en defensa de los intereses de los vecinos y vecinas de Berazategui.<\/p>\n\n\n\n<p>Asimismo, en 2023, el Juzgado Federal de Quilmes hizo lugar a una nueva medida cautelar presentada por Mussi, tambi\u00e9n por el mal funcionamiento del servicio de energ\u00eda el\u00e9ctrica, que en Berazategui perjudica en forma directa el suministro de agua potable, porque paraliza los pozos de extracci\u00f3n.<\/p>\n","protected":false},"excerpt":{"rendered":"<p>El intendente de Berazategui, Juan Jos\u00e9 Mussi, volvi\u00f3 a intimar a la empresa privada EDESUR&#8230;<\/p>\n","protected":false},"author":1,"featured_media":75004,"comment_status":"closed","ping_status":"closed","sticky":false,"template":"","format":"standard","meta":{"footnotes":""},"categories":[35],"tags":[],"class_list":["post-75003","post","type-post","status-publish","format-standard","has-post-thumbnail","hentry","category-politica"],"_links":{"self":[{"href":"http:\/\/conurbanodiario.com.ar\/index.php?rest_route=\/wp\/v2\/posts\/75003","targetHints":{"allow":["GET"]}}],"collection":[{"href":"http:\/\/conurbanodiario.com.ar\/index.php?rest_route=\/wp\/v2\/posts"}],"about":[{"href":"http:\/\/conurbanodiario.com.ar\/index.php?rest_route=\/wp\/v2\/types\/post"}],"author":[{"embeddable":true,"href":"http:\/\/conurbanodiario.com.ar\/index.php?rest_route=\/wp\/v2\/users\/1"}],"replies":[{"embeddable":true,"href":"http:\/\/conurbanodiario.com.ar\/index.php?rest_route=%2Fwp%2Fv2%2Fcomments&post=75003"}],"version-history":[{"count":1,"href":"http:\/\/conurbanodiario.com.ar\/index.php?rest_route=\/wp\/v2\/posts\/75003\/revisions"}],"predecessor-version":[{"id":75005,"href":"http:\/\/conurbanodiario.com.ar\/index.php?rest_route=\/wp\/v2\/posts\/75003\/revisions\/75005"}],"wp:featuredmedia":[{"embeddable":true,"href":"http:\/\/conurbanodiario.com.ar\/index.php?rest_route=\/wp\/v2\/media\/75004"}],"wp:attachment":[{"href":"http:\/\/conurbanodiario.com.ar\/index.php?rest_route=%2Fwp%2Fv2%2Fmedia&parent=75003"}],"wp:term":[{"taxonomy":"category","embeddable":true,"href":"http:\/\/conurbanodiario.com.ar\/index.php?rest_route=%2Fwp%2Fv2%2Fcategories&post=75003"},{"taxonomy":"post_tag","embeddable":true,"href":"http:\/\/conurbanodiario.com.ar\/index.php?rest_route=%2Fwp%2Fv2%2Ftags&post=75003"}],"curies":[{"name":"wp","href":"https:\/\/api.w.org\/{rel}","templated":true}]}}