{"id":75000,"date":"2024-07-12T20:28:33","date_gmt":"2024-07-12T23:28:33","guid":{"rendered":"https:\/\/conurbanodiario.com.ar\/?p=75000"},"modified":"2024-07-21T23:55:19","modified_gmt":"2024-07-22T02:55:19","slug":"en-julio-continua-mercado-vecino-con-sus-ofertas-imperdibles","status":"publish","type":"post","link":"http:\/\/conurbanodiario.com.ar\/?p=75000","title":{"rendered":"EN JULIO CONTIN\u00daA MERCADO VECINO CON SUS OFERTAS IMPERDIBLES"},"content":{"rendered":"\n<p><strong>Mercado Vecino es la feria itinerante municipal de Berazategui que acerca las mejores ofertas en frutas, verduras, l\u00e1cteos, panificados, carne, pescados, plantas y flores a los barrios del distrito, directo de productores locales.<\/strong><br>Funciona todos los lunes en la Plaza Rigolleau (Av. 14 y Lisandro de la Torre), de 8.00 a 13.00. En tanto, de martes a viernes recorre diferentes puntos del distrito, de 8.30 a 12.30. En todos los casos se suspende por malas condiciones clim\u00e1ticas. El cronograma completo se encuentra en&nbsp;<a href=\"http:\/\/berazategui.gob.ar\/mercadovecino\">berazategui.gob.ar\/mercadovecino<\/a>.<br>Luis Picasso, vecino de Berazategui Centro, expres\u00f3: \u201cVengo todos los lunes con mi perrita Camila a comprar a los lindos puestos de mercader\u00eda fresca. Hoy compr\u00e9 naranjas, papas y la bolsa completa de verduras surtidas\u201d.<br>Esta iniciativa es organizada desde 2016 por la Secretar\u00eda de Trabajo municipal. Forma parte de las iniciativas impulsadas por el intendente Juan Jos\u00e9 Mussi, para fomentar el consumo y la producci\u00f3n local de mercader\u00eda fresca, saludable y de calidad, a precios especiales.<\/p>\n","protected":false},"excerpt":{"rendered":"<p>Mercado Vecino es la feria itinerante municipal de Berazategui que acerca las mejores ofertas en&#8230;<\/p>\n","protected":false},"author":1,"featured_media":75001,"comment_status":"closed","ping_status":"closed","sticky":false,"template":"","format":"standard","meta":{"footnotes":""},"categories":[1],"tags":[],"class_list":["post-75000","post","type-post","status-publish","format-standard","has-post-thumbnail","hentry","category-noticia-del-dia"],"_links":{"self":[{"href":"http:\/\/conurbanodiario.com.ar\/index.php?rest_route=\/wp\/v2\/posts\/75000","targetHints":{"allow":["GET"]}}],"collection":[{"href":"http:\/\/conurbanodiario.com.ar\/index.php?rest_route=\/wp\/v2\/posts"}],"about":[{"href":"http:\/\/conurbanodiario.com.ar\/index.php?rest_route=\/wp\/v2\/types\/post"}],"author":[{"embeddable":true,"href":"http:\/\/conurbanodiario.com.ar\/index.php?rest_route=\/wp\/v2\/users\/1"}],"replies":[{"embeddable":true,"href":"http:\/\/conurbanodiario.com.ar\/index.php?rest_route=%2Fwp%2Fv2%2Fcomments&post=75000"}],"version-history":[{"count":1,"href":"http:\/\/conurbanodiario.com.ar\/index.php?rest_route=\/wp\/v2\/posts\/75000\/revisions"}],"predecessor-version":[{"id":75002,"href":"http:\/\/conurbanodiario.com.ar\/index.php?rest_route=\/wp\/v2\/posts\/75000\/revisions\/75002"}],"wp:featuredmedia":[{"embeddable":true,"href":"http:\/\/conurbanodiario.com.ar\/index.php?rest_route=\/wp\/v2\/media\/75001"}],"wp:attachment":[{"href":"http:\/\/conurbanodiario.com.ar\/index.php?rest_route=%2Fwp%2Fv2%2Fmedia&parent=75000"}],"wp:term":[{"taxonomy":"category","embeddable":true,"href":"http:\/\/conurbanodiario.com.ar\/index.php?rest_route=%2Fwp%2Fv2%2Fcategories&post=75000"},{"taxonomy":"post_tag","embeddable":true,"href":"http:\/\/conurbanodiario.com.ar\/index.php?rest_route=%2Fwp%2Fv2%2Ftags&post=75000"}],"curies":[{"name":"wp","href":"https:\/\/api.w.org\/{rel}","templated":true}]}}