{"id":74985,"date":"2024-07-12T20:04:40","date_gmt":"2024-07-12T23:04:40","guid":{"rendered":"https:\/\/conurbanodiario.com.ar\/?p=74985"},"modified":"2024-07-21T23:55:19","modified_gmt":"2024-07-22T02:55:19","slug":"la-escuela-primaria-n-2-festejo-el-9-de-julio-con-una-pena-folclorica","status":"publish","type":"post","link":"http:\/\/conurbanodiario.com.ar\/?p=74985","title":{"rendered":"LA ESCUELA PRIMARIA N\u00b0 2 FESTEJ\u00d3 EL 9 DE JULIO CON UNA PE\u00d1A FOLCL\u00d3RICA"},"content":{"rendered":"\n<p>Se realiz\u00f3 una pe\u00f1a folcl\u00f3rica por el D\u00eda de la Independencia argentina, organizada por la Escuela Primaria N\u00b0 2 y los Jardines de Infantes N\u00b0 930 y 950. El intendente de Berazategui, Juan Jos\u00e9 Mussi, acompa\u00f1\u00f3 a la comunidad educativa que se acerc\u00f3 a celebrar un nuevo aniversario patrio.<\/p>\n\n\n\n<p>La pe\u00f1a incluy\u00f3 n\u00fameros art\u00edsticos a cargo de los estudiantes y una muestra est\u00e1tica de 12 stands con representaciones alusivas a la fecha. Adem\u00e1s, en un momento muy emotivo, toda la comunidad educativa de la Primaria se uni\u00f3 para entonar la canci\u00f3n de la instituci\u00f3n.<\/p>\n\n\n\n<p>En ese marco, Mussi expres\u00f3: \u201cYo fui alumno de esta escuela. La amo profundamente y cada vez que paso por ac\u00e1 recuerdo un mont\u00f3n de an\u00e9cdotas. La considero una parte muy importante de mi vida porque, gracias a ella, despu\u00e9s pude ir a la Secundaria, luego acceder a la Universidad p\u00fablica y llegar a ser el primer profesional de la zona\u201d. Adem\u00e1s, el Intendente agreg\u00f3: \u201cFelicito a los directivos de las tres instituciones por hacer este acto unidos. Los argentinos necesitamos volver a amigarnos y abrazarnos\u201d.<\/p>\n\n\n\n<p>Por su parte, la directora de la Escuela Primaria N\u00b0 2, Laura Ant\u00fanez, expres\u00f3: \u201cEl acto fue maravilloso y en comunidad. Nuestros estudiantes pudieron expresarse y compartir con todos el trabajo impecable y mancomunado que hicieron con sus docentes para celebrar nuestra patria\u201d.<\/p>\n\n\n\n<p>Durante la pe\u00f1a, adem\u00e1s, Mussi firm\u00f3 el libro que la Primaria N\u00b0 2 edit\u00f3 en 2021 como motivo de su 140\u00b0 aniversario. \u201cMi escuela, mi amor, mi vida\u00bb fueron las palabras que plasm\u00f3 el Intendente en la portada del libro, en un espacio que hab\u00edan reservado especialmente para su firma.<\/p>\n\n\n\n<p>Tambi\u00e9n participaron integrantes del Gabinete Municipal; el presidente del Consejo Escolar, Fernando Cardozo; y la inspectora Jefa Distrital, Gladys Ram\u00edrez.<\/p>\n","protected":false},"excerpt":{"rendered":"<p>Se realiz\u00f3 una pe\u00f1a folcl\u00f3rica por el D\u00eda de la Independencia argentina, organizada por la&#8230;<\/p>\n","protected":false},"author":1,"featured_media":74986,"comment_status":"closed","ping_status":"closed","sticky":false,"template":"","format":"standard","meta":{"footnotes":""},"categories":[27],"tags":[],"class_list":["post-74985","post","type-post","status-publish","format-standard","has-post-thumbnail","hentry","category-educacion"],"_links":{"self":[{"href":"http:\/\/conurbanodiario.com.ar\/index.php?rest_route=\/wp\/v2\/posts\/74985","targetHints":{"allow":["GET"]}}],"collection":[{"href":"http:\/\/conurbanodiario.com.ar\/index.php?rest_route=\/wp\/v2\/posts"}],"about":[{"href":"http:\/\/conurbanodiario.com.ar\/index.php?rest_route=\/wp\/v2\/types\/post"}],"author":[{"embeddable":true,"href":"http:\/\/conurbanodiario.com.ar\/index.php?rest_route=\/wp\/v2\/users\/1"}],"replies":[{"embeddable":true,"href":"http:\/\/conurbanodiario.com.ar\/index.php?rest_route=%2Fwp%2Fv2%2Fcomments&post=74985"}],"version-history":[{"count":1,"href":"http:\/\/conurbanodiario.com.ar\/index.php?rest_route=\/wp\/v2\/posts\/74985\/revisions"}],"predecessor-version":[{"id":74987,"href":"http:\/\/conurbanodiario.com.ar\/index.php?rest_route=\/wp\/v2\/posts\/74985\/revisions\/74987"}],"wp:featuredmedia":[{"embeddable":true,"href":"http:\/\/conurbanodiario.com.ar\/index.php?rest_route=\/wp\/v2\/media\/74986"}],"wp:attachment":[{"href":"http:\/\/conurbanodiario.com.ar\/index.php?rest_route=%2Fwp%2Fv2%2Fmedia&parent=74985"}],"wp:term":[{"taxonomy":"category","embeddable":true,"href":"http:\/\/conurbanodiario.com.ar\/index.php?rest_route=%2Fwp%2Fv2%2Fcategories&post=74985"},{"taxonomy":"post_tag","embeddable":true,"href":"http:\/\/conurbanodiario.com.ar\/index.php?rest_route=%2Fwp%2Fv2%2Ftags&post=74985"}],"curies":[{"name":"wp","href":"https:\/\/api.w.org\/{rel}","templated":true}]}}