{"id":74976,"date":"2024-07-12T19:35:54","date_gmt":"2024-07-12T22:35:54","guid":{"rendered":"https:\/\/conurbanodiario.com.ar\/?p=74976"},"modified":"2024-07-21T23:55:20","modified_gmt":"2024-07-22T02:55:20","slug":"correa-estamos-defendiendo-los-intereses-del-pueblo-trabajador","status":"publish","type":"post","link":"http:\/\/conurbanodiario.com.ar\/?p=74976","title":{"rendered":"CORREA: &#8220;ESTAMOS DEFENDIENDO LOS INTERESES DEL PUEBLO TRABAJADOR&#8221;"},"content":{"rendered":"\n<p>El ministro de Trabajo, Walter Correa, acompa\u00f1\u00f3 al gobernador Axel Kicillof en el acto de cierre del Plenario de la CTA de los Trabajadores que se realiz\u00f3 este viernes en la sede de Suteba de La Plata.<\/p>\n\n\n\n<p>Durante la jornada de debate, Correa comparti\u00f3 un panel con el ex ministro de Trabajo, Empleo y Seguridad Social Carlos Tomada la ministra de Mujeres y Diversidad PBA, Estela D\u00edaz, los secretarios generales de la CTA a nivel nacional, Hugo Yasky, de Provincia, Roberto Baradel, y de CABA, Daniel Catalano, el secretario adjunto de CTA T, Edgardo Llano, y la secretaria de Juventud, Y\u00e9sica Leyes.<\/p>\n\n\n\n<p>En esta oportunidad debatieron sobre la unidad del movimiento obrero frente a las pol\u00edticas que impulsa el gobierno nacional contra las y los trabajadores.<\/p>\n\n\n\n<p>En ese marco, Correa sostuvo que \u201ctenemos que estar muy atentos a lo que se viene, porque de forma muy r\u00e1pida se est\u00e1 presentando una descomposici\u00f3n del tramado industrial y laboral\u201d. \u201cLes digo con mucha humildad que participen de los plenarios y de las asambleas de los trabajadores porque en esos espacios estamos defendiendo los intereses del pueblo trabajador\u201d, a\u00f1adi\u00f3.<\/p>\n\n\n\n<p>Adem\u00e1s de las y los miembros del consejo directivo nacional, en el encuentro participaron 130 referentes regionales de la CTA provincia de Buenos Aires. Estuvieron presentes la jefa de Gabinete del ministerio de Trabajo, Cecilia Cecchini, el secretario Ejecutivo del Instituto Provincial de Formaci\u00f3n Laboral (IPFL), dependiente del ministerio de Trabajo, Ezequiel Berrueco, la directora Provincial de Empleo, Claudia L\u00e1zzaro, el coordinador ZONA VIII del MTPBA, Ra\u00fal Calamante, y el prosecretario de Coordinaci\u00f3n de SATSAID, Federico Garc\u00eda.<\/p>\n","protected":false},"excerpt":{"rendered":"<p>El ministro de Trabajo, Walter Correa, acompa\u00f1\u00f3 al gobernador Axel Kicillof en el acto de&#8230;<\/p>\n","protected":false},"author":1,"featured_media":74977,"comment_status":"closed","ping_status":"closed","sticky":false,"template":"","format":"standard","meta":{"footnotes":""},"categories":[28],"tags":[],"class_list":["post-74976","post","type-post","status-publish","format-standard","has-post-thumbnail","hentry","category-la-provincia"],"_links":{"self":[{"href":"http:\/\/conurbanodiario.com.ar\/index.php?rest_route=\/wp\/v2\/posts\/74976","targetHints":{"allow":["GET"]}}],"collection":[{"href":"http:\/\/conurbanodiario.com.ar\/index.php?rest_route=\/wp\/v2\/posts"}],"about":[{"href":"http:\/\/conurbanodiario.com.ar\/index.php?rest_route=\/wp\/v2\/types\/post"}],"author":[{"embeddable":true,"href":"http:\/\/conurbanodiario.com.ar\/index.php?rest_route=\/wp\/v2\/users\/1"}],"replies":[{"embeddable":true,"href":"http:\/\/conurbanodiario.com.ar\/index.php?rest_route=%2Fwp%2Fv2%2Fcomments&post=74976"}],"version-history":[{"count":2,"href":"http:\/\/conurbanodiario.com.ar\/index.php?rest_route=\/wp\/v2\/posts\/74976\/revisions"}],"predecessor-version":[{"id":75094,"href":"http:\/\/conurbanodiario.com.ar\/index.php?rest_route=\/wp\/v2\/posts\/74976\/revisions\/75094"}],"wp:featuredmedia":[{"embeddable":true,"href":"http:\/\/conurbanodiario.com.ar\/index.php?rest_route=\/wp\/v2\/media\/74977"}],"wp:attachment":[{"href":"http:\/\/conurbanodiario.com.ar\/index.php?rest_route=%2Fwp%2Fv2%2Fmedia&parent=74976"}],"wp:term":[{"taxonomy":"category","embeddable":true,"href":"http:\/\/conurbanodiario.com.ar\/index.php?rest_route=%2Fwp%2Fv2%2Fcategories&post=74976"},{"taxonomy":"post_tag","embeddable":true,"href":"http:\/\/conurbanodiario.com.ar\/index.php?rest_route=%2Fwp%2Fv2%2Ftags&post=74976"}],"curies":[{"name":"wp","href":"https:\/\/api.w.org\/{rel}","templated":true}]}}