{"id":74970,"date":"2024-07-12T19:17:26","date_gmt":"2024-07-12T22:17:26","guid":{"rendered":"https:\/\/conurbanodiario.com.ar\/?p=74970"},"modified":"2024-07-21T23:55:20","modified_gmt":"2024-07-22T02:55:20","slug":"tras-el-46-de-inflacion-ate-exigio-un-aumento-de-salario-del-80-para-recuperar-el-poder-adquisitivo","status":"publish","type":"post","link":"http:\/\/conurbanodiario.com.ar\/?p=74970","title":{"rendered":"TRAS EL 4,6% DE INFLACI\u00d3N, ATE EXIGI\u00d3 UN AUMENTO DE SALARIO DEL 80% PARA RECUPERAR EL PODER ADQUISITIVO"},"content":{"rendered":"\n<p>La Asociaci\u00f3n Trabajadores del Estado (ATE) exigi\u00f3 hoy el \u201curgente\u201d llamado a paritarias para lograr una recomposici\u00f3n salarial en un s\u00f3lo pago, luego de que se diera a conocer que la cifra de inflaci\u00f3n de junio fue del 4,6%.<\/p>\n\n\n\n<p>\u201cLa presi\u00f3n inflacionaria no cede y contin\u00faa deteriorando salarios y jubilaciones. Sin convocar a paritarias, el Gobierno est\u00e1 destruyendo todos los ingresos en el sector p\u00fablico\u00bb, asegur\u00f3 el secretario general de ATE nacional, Rodolfo Aguiar, en un comunicado difundido este viernes.<\/p>\n\n\n\n<p>En este sentido, Aguiar se\u00f1al\u00f3 que hubo un incremento \u00abdr\u00e1stico\u00bb en la cantidad de estatales que cayeron bajo la l\u00ednea de la pobreza durante los \u00faltimos siete meses y precis\u00f3 que tambi\u00e9n aument\u00f3 \u00abel nivel de endeudamiento de las familias\u00bb.<\/p>\n\n\n\n<p>Durante la jornada, el INDEC dio a conocer los nuevos valores de la canasta b\u00e1sica familiar e indic\u00f3 que se necesitan $873.169 para no ser pobre y $393.319 para no caer bajo la indigencia. A partir de estos montos, desde el sindicato informaron que m\u00e1s del 75% de los estatales (nacionales, provinciales y municipales) perciben salarios por debajo de la l\u00ednea de la pobreza.<\/p>\n\n\n\n<p>En ese marco, tras conocerse que la inflaci\u00f3n de junio lleg\u00f3 al 4,6%, el dirigente gremial sostuvo: \u00abDesde ATE demandamos una suma fija de car\u00e1cter permanente que tenga un r\u00e1pido impacto en los sueldos m\u00e1s bajos de la escala y un 80% de aumento en una sola cuota. Esta es la \u00fanica posibilidad de compensar la ca\u00edda real que han experimentado nuestros salarios\u201d.<\/p>\n\n\n\n<p>De acuerdo al parte de prensa, en el \u00faltimo encuentro paritario, que se realiz\u00f3 el 1 de julio, el Gobierno nacional se present\u00f3 sin ninguna oferta salarial. A su vez, destacaron que durante el acuerdo 2023-2024, la p\u00e9rdida del poder adquisitivo fue del 22,4%.<\/p>\n","protected":false},"excerpt":{"rendered":"<p>La Asociaci\u00f3n Trabajadores del Estado (ATE) exigi\u00f3 hoy el \u201curgente\u201d llamado a paritarias para lograr&#8230;<\/p>\n","protected":false},"author":1,"featured_media":74971,"comment_status":"closed","ping_status":"closed","sticky":false,"template":"","format":"standard","meta":{"footnotes":""},"categories":[5],"tags":[],"class_list":["post-74970","post","type-post","status-publish","format-standard","has-post-thumbnail","hentry","category-el-pais"],"_links":{"self":[{"href":"http:\/\/conurbanodiario.com.ar\/index.php?rest_route=\/wp\/v2\/posts\/74970","targetHints":{"allow":["GET"]}}],"collection":[{"href":"http:\/\/conurbanodiario.com.ar\/index.php?rest_route=\/wp\/v2\/posts"}],"about":[{"href":"http:\/\/conurbanodiario.com.ar\/index.php?rest_route=\/wp\/v2\/types\/post"}],"author":[{"embeddable":true,"href":"http:\/\/conurbanodiario.com.ar\/index.php?rest_route=\/wp\/v2\/users\/1"}],"replies":[{"embeddable":true,"href":"http:\/\/conurbanodiario.com.ar\/index.php?rest_route=%2Fwp%2Fv2%2Fcomments&post=74970"}],"version-history":[{"count":1,"href":"http:\/\/conurbanodiario.com.ar\/index.php?rest_route=\/wp\/v2\/posts\/74970\/revisions"}],"predecessor-version":[{"id":74972,"href":"http:\/\/conurbanodiario.com.ar\/index.php?rest_route=\/wp\/v2\/posts\/74970\/revisions\/74972"}],"wp:featuredmedia":[{"embeddable":true,"href":"http:\/\/conurbanodiario.com.ar\/index.php?rest_route=\/wp\/v2\/media\/74971"}],"wp:attachment":[{"href":"http:\/\/conurbanodiario.com.ar\/index.php?rest_route=%2Fwp%2Fv2%2Fmedia&parent=74970"}],"wp:term":[{"taxonomy":"category","embeddable":true,"href":"http:\/\/conurbanodiario.com.ar\/index.php?rest_route=%2Fwp%2Fv2%2Fcategories&post=74970"},{"taxonomy":"post_tag","embeddable":true,"href":"http:\/\/conurbanodiario.com.ar\/index.php?rest_route=%2Fwp%2Fv2%2Ftags&post=74970"}],"curies":[{"name":"wp","href":"https:\/\/api.w.org\/{rel}","templated":true}]}}