{"id":74967,"date":"2024-07-12T19:13:23","date_gmt":"2024-07-12T22:13:23","guid":{"rendered":"https:\/\/conurbanodiario.com.ar\/?p=74967"},"modified":"2024-07-21T23:55:30","modified_gmt":"2024-07-22T02:55:30","slug":"las-vacaciones-de-invierno-se-disfrutan-en-berazategui","status":"publish","type":"post","link":"http:\/\/conurbanodiario.com.ar\/?p=74967","title":{"rendered":"LAS VACACIONES DE INVIERNO SE DISFRUTAN EN BERAZATEGUI"},"content":{"rendered":"\n<p><strong>Este s\u00e1bado 13 de julio comienzan las actividades de vacaciones de invierno que organiza la Municipalidad de Berazategui. Durante el receso escolar se ofrecer\u00e1n opciones l\u00fadicas, culturales y recreativas en distintos puntos de la ciudad, a trav\u00e9s de las jornadas gratuitas de \u201cVacaciones en familia\u201d.<\/strong><\/p>\n\n\n\n<p>A\u00f1o tras a\u00f1o, esta propuesta esperada por la comunidad local y regional es impulsada por el intendente Juan Jos\u00e9 Mussi, y organizada por las Secretar\u00edas de Cultura y Educaci\u00f3n, y de Desarrollo Social y Comunitario, Recreaci\u00f3n, Turismo y Deportes. Se puede consultar el listado completo de actividades en&nbsp;<a href=\"http:\/\/berazategui.gob.ar\/vacacionesenfamilia\">berazategui.gob.ar\/vacacionesenfamilia<\/a>.<\/p>\n\n\n\n<p>El cronograma de propuestas culturales para este fin de semana es el siguiente:<\/p>\n\n\n\n<p>-S\u00e1bado 13\/7:<\/p>\n\n\n\n<p>De 12.30 a 17.00. Juntada y K-Pop. Habr\u00e1 espacios de juegos, lectura, dibujo y m\u00fasica. Adem\u00e1s, se realizar\u00e1 un concurso de fandancers, shows especiales y random dance. Complejo Cultural Municipal La Calle (148 y 18 A).<\/p>\n\n\n\n<p>A las 14.00. Taller \u201cEl Gran Circo\u201d, un espacio pensado para las infancias con juegos, talleres art\u00edsticos y recreativos. Complejo Cultural Municipal La Casa de la Estaci\u00f3n (Av. Sabin e\/ 362 y 363, Ranelagh).<\/p>\n\n\n\n<p>A las 17.00. Concierto del Coro de Ni\u00f1os y Ni\u00f1as de la Municipalidad de Berazategui, con la direcci\u00f3n de Edgardo Palotta. Complejo Cultural Municipal Le\u00f3n F. Rigolleau (calle 15 N\u00ba 5675).<\/p>\n\n\n\n<p>-Domingo 14\/7:<\/p>\n\n\n\n<p>A las 14.00. Taller \u201cLuc\u00eda en el Eclipse\u201d, a cargo de Carmen Kohen. Complejo Cultural Municipal La Casa de la Estaci\u00f3n (Av. Sabin e\/ 362 y 363, Ranelagh).<\/p>\n\n\n\n<p>A las 15.00. Espect\u00e1culo \u201cLos Ludics\u201d y Cultura Colectiva en el Club Vecinal La Uni\u00f3n (calle 254 N\u00b0 1111).<\/p>\n\n\n\n<p>A su vez, el lunes 22 de julio, a las 16.30, se realizar\u00e1 el show Shambala Circo en el Club Municipal Ducilo (calle 5 y 151), con entrada libre y gratuita.<\/p>\n","protected":false},"excerpt":{"rendered":"<p>Este s\u00e1bado 13 de julio comienzan las actividades de vacaciones de invierno que organiza la&#8230;<\/p>\n","protected":false},"author":1,"featured_media":74968,"comment_status":"closed","ping_status":"closed","sticky":false,"template":"","format":"standard","meta":{"footnotes":""},"categories":[8],"tags":[],"class_list":["post-74967","post","type-post","status-publish","format-standard","has-post-thumbnail","hentry","category-cultura"],"_links":{"self":[{"href":"http:\/\/conurbanodiario.com.ar\/index.php?rest_route=\/wp\/v2\/posts\/74967","targetHints":{"allow":["GET"]}}],"collection":[{"href":"http:\/\/conurbanodiario.com.ar\/index.php?rest_route=\/wp\/v2\/posts"}],"about":[{"href":"http:\/\/conurbanodiario.com.ar\/index.php?rest_route=\/wp\/v2\/types\/post"}],"author":[{"embeddable":true,"href":"http:\/\/conurbanodiario.com.ar\/index.php?rest_route=\/wp\/v2\/users\/1"}],"replies":[{"embeddable":true,"href":"http:\/\/conurbanodiario.com.ar\/index.php?rest_route=%2Fwp%2Fv2%2Fcomments&post=74967"}],"version-history":[{"count":1,"href":"http:\/\/conurbanodiario.com.ar\/index.php?rest_route=\/wp\/v2\/posts\/74967\/revisions"}],"predecessor-version":[{"id":74969,"href":"http:\/\/conurbanodiario.com.ar\/index.php?rest_route=\/wp\/v2\/posts\/74967\/revisions\/74969"}],"wp:featuredmedia":[{"embeddable":true,"href":"http:\/\/conurbanodiario.com.ar\/index.php?rest_route=\/wp\/v2\/media\/74968"}],"wp:attachment":[{"href":"http:\/\/conurbanodiario.com.ar\/index.php?rest_route=%2Fwp%2Fv2%2Fmedia&parent=74967"}],"wp:term":[{"taxonomy":"category","embeddable":true,"href":"http:\/\/conurbanodiario.com.ar\/index.php?rest_route=%2Fwp%2Fv2%2Fcategories&post=74967"},{"taxonomy":"post_tag","embeddable":true,"href":"http:\/\/conurbanodiario.com.ar\/index.php?rest_route=%2Fwp%2Fv2%2Ftags&post=74967"}],"curies":[{"name":"wp","href":"https:\/\/api.w.org\/{rel}","templated":true}]}}