{"id":74963,"date":"2024-07-12T19:02:24","date_gmt":"2024-07-12T22:02:24","guid":{"rendered":"https:\/\/conurbanodiario.com.ar\/?p=74963"},"modified":"2024-07-21T23:55:31","modified_gmt":"2024-07-22T02:55:31","slug":"el-municipio-de-quilmes-invita-a-las-familias-a-disfrutar-de-actividades-libres-y-gratuitas-durante-el-receso-invernal","status":"publish","type":"post","link":"http:\/\/conurbanodiario.com.ar\/?p=74963","title":{"rendered":"EL MUNICIPIO DE QUILMES INVITA A LAS FAMILIAS A DISFRUTAR DE ACTIVIDADES LIBRES Y GRATUITAS DURANTE EL RECESO INVERNAL"},"content":{"rendered":"\n<p>El Municipio de Quilmes invita a las y los vecinos en este receso de invierno, del s\u00e1bado 13 al domingo 28 de julio, en el marco del programa Vacaciones Somos Quilmes 2024, a disfrutar de actividades, con entrada libre &nbsp;y gratuita para toda la familia, en espacios culturales y museos del distrito. A su vez, habr\u00e1 muestras y shows itinerantes que recorrer\u00e1n todos los barrios de Quilmes y que se pueden consultar en la p\u00e1gina web de la Municipalidad.<\/p>\n\n\n\n<p>A su vez, en un trabajo articulado de la Comuna con el Gobierno Provincial, a trav\u00e9s del Instituto Cultural bonaerense, el s\u00e1bado 13 y domingo 14, a las 14, como parte del programa \u201cVacaciones Divertidas\u201d, en el Polideportivo Ciudad de los Deportes Juan Domingo Per\u00f3n, en avenida Ferrocarril Provincial y calle 853, de San Francisco Solano, se realizar\u00e1 el primero de los 15 festivales para las infancias que tiene previstos la Provincia de Buenos Aires a lo &nbsp;largo de su territorio, con la actuaci\u00f3n de Los Rockan, Hugo Figueras , Cazurros y Melocot\u00f3n Pajarito, junto a muchas actividades, talleres, circo y juegos para toda la familia.<\/p>\n\n\n\n<p>As\u00ed en Quilmes, desde el s\u00e1bado 13, la Casa de las Culturas (Rivadavia 383, Quilmes Centro); el Centro Cultural Mercedes Sosa (Lamadrid 1902, Quilmes Oeste); el Centro de Producci\u00f3n Audiovisual Leonardo Favio (Chacabuco 600, Bernal); el Centro de Producci\u00f3n Cultural Amaicha (avenida 844 N\u00ba 2226, San Francisco Solano); el Museo Almirante Brown (25 de Mayo 198, Bernal); el Museo del Transporte (Laprida 2220, Quilmes Oeste); el Museo de Artes Visuales V\u00edctor Roverano (Rivadavia 498, Quilmes Centro); el Teatro Municipal (Mitre 721, Quilmes Centro); la Biblioteca Municipal Domingo Sarmiento (Mitre 640, Quilmes Centro), y el Espacio INCAA (Mitre 721, Quilmes Centro), ser\u00e1n las sedes municipales que tendr\u00e1n distintas atracciones durante el receso invernal.<\/p>\n\n\n\n<p>En este sentido, tambi\u00e9n estar\u00e1 en marcha el programa Vacaciones en tu Barrio, una opci\u00f3n itinerante que contar\u00e1 con actividades, circo, juegos, cine m\u00f3vil y talleres, que recorrer\u00e1 todos los barrios del distrito, ya sea en los Centros de Integraci\u00f3n Comunitaria (CIC), clubes, sociedades de fomento, y plazas y espacios p\u00fablicos de Quilmes, para que nadie se pierda un momento de entretenimiento y diversi\u00f3n.<\/p>\n\n\n\n<figure class=\"wp-block-image size-large\"><img loading=\"lazy\" decoding=\"async\" width=\"1024\" height=\"724\" src=\"https:\/\/conurbanodiario.com.ar\/wp-content\/uploads\/2024\/07\/thumbnail_5-1024x724.jpg\" alt=\"\" class=\"wp-image-74964\" srcset=\"http:\/\/conurbanodiario.com.ar\/wp-content\/uploads\/2024\/07\/thumbnail_5-1024x724.jpg 1024w, http:\/\/conurbanodiario.com.ar\/wp-content\/uploads\/2024\/07\/thumbnail_5-300x212.jpg 300w, http:\/\/conurbanodiario.com.ar\/wp-content\/uploads\/2024\/07\/thumbnail_5-768x543.jpg 768w, http:\/\/conurbanodiario.com.ar\/wp-content\/uploads\/2024\/07\/thumbnail_5-1536x1086.jpg 1536w, http:\/\/conurbanodiario.com.ar\/wp-content\/uploads\/2024\/07\/thumbnail_5.jpg 1600w\" sizes=\"auto, (max-width: 1024px) 100vw, 1024px\" \/><\/figure>\n\n\n\n<p>Para conocer el cronograma de actividades, ingresar a la Agenda Cultural que est\u00e1 dentro de la p\u00e1gina web del Municipio de Quilmes, en el link &nbsp;<a href=\"https:\/\/quilmes.gov.ar\/agenda\/cat.php?c=15\">https:\/\/quilmes.gov.ar\/agenda\/cat.php?c=15<\/a>&nbsp;donde est\u00e1 el detalle de los d\u00edas, horarios y lugares en los que se realiza cada una atracciones.<\/p>\n\n\n\n<p>De esta manera, las familias quilme\u00f1as podr\u00e1s disfrutar de shows de m\u00fasica; teatro; talleres de todo tipo; muestras de arte, tecnolog\u00eda y ciencias; arqueolog\u00eda; t\u00edteres; cine; circo; magia; juegos y deportes; cuentos; danza, y todo tipo de actividades para todas las edades y de manera gratuita.<\/p>\n","protected":false},"excerpt":{"rendered":"<p>El Municipio de Quilmes invita a las y los vecinos en este receso de invierno,&#8230;<\/p>\n","protected":false},"author":1,"featured_media":74965,"comment_status":"closed","ping_status":"closed","sticky":false,"template":"","format":"standard","meta":{"footnotes":""},"categories":[8],"tags":[],"class_list":["post-74963","post","type-post","status-publish","format-standard","has-post-thumbnail","hentry","category-cultura"],"_links":{"self":[{"href":"http:\/\/conurbanodiario.com.ar\/index.php?rest_route=\/wp\/v2\/posts\/74963","targetHints":{"allow":["GET"]}}],"collection":[{"href":"http:\/\/conurbanodiario.com.ar\/index.php?rest_route=\/wp\/v2\/posts"}],"about":[{"href":"http:\/\/conurbanodiario.com.ar\/index.php?rest_route=\/wp\/v2\/types\/post"}],"author":[{"embeddable":true,"href":"http:\/\/conurbanodiario.com.ar\/index.php?rest_route=\/wp\/v2\/users\/1"}],"replies":[{"embeddable":true,"href":"http:\/\/conurbanodiario.com.ar\/index.php?rest_route=%2Fwp%2Fv2%2Fcomments&post=74963"}],"version-history":[{"count":1,"href":"http:\/\/conurbanodiario.com.ar\/index.php?rest_route=\/wp\/v2\/posts\/74963\/revisions"}],"predecessor-version":[{"id":74966,"href":"http:\/\/conurbanodiario.com.ar\/index.php?rest_route=\/wp\/v2\/posts\/74963\/revisions\/74966"}],"wp:featuredmedia":[{"embeddable":true,"href":"http:\/\/conurbanodiario.com.ar\/index.php?rest_route=\/wp\/v2\/media\/74965"}],"wp:attachment":[{"href":"http:\/\/conurbanodiario.com.ar\/index.php?rest_route=%2Fwp%2Fv2%2Fmedia&parent=74963"}],"wp:term":[{"taxonomy":"category","embeddable":true,"href":"http:\/\/conurbanodiario.com.ar\/index.php?rest_route=%2Fwp%2Fv2%2Fcategories&post=74963"},{"taxonomy":"post_tag","embeddable":true,"href":"http:\/\/conurbanodiario.com.ar\/index.php?rest_route=%2Fwp%2Fv2%2Ftags&post=74963"}],"curies":[{"name":"wp","href":"https:\/\/api.w.org\/{rel}","templated":true}]}}