{"id":74925,"date":"2024-07-05T01:05:00","date_gmt":"2024-07-05T04:05:00","guid":{"rendered":"https:\/\/conurbanodiario.com.ar\/?p=74925"},"modified":"2024-07-04T20:50:53","modified_gmt":"2024-07-04T23:50:53","slug":"berazategui-conmemoro-el-dia-nacional-del-testeo-rapido-de-vih","status":"publish","type":"post","link":"http:\/\/conurbanodiario.com.ar\/?p=74925","title":{"rendered":"BERAZATEGUI CONMEMOR\u00d3 EL D\u00cdA NACIONAL DEL TESTEO R\u00c1PIDO DE VIH"},"content":{"rendered":"\n<p><strong>Se realiz\u00f3 una jornada masiva por el D\u00eda Nacional del Testeo R\u00e1pido de VIH, organizada por la Municipalidad de Berazategui. Una gran cantidad de vecinos y vecinas se acercaron a la posta ubicada en Av. 14 y 147 para realizar testeos r\u00e1pidos y gratuitos de VIH\/S\u00edfilis y recibir asesoramiento con respecto a las enfermedades de transmisi\u00f3n sexual.<\/strong><\/p>\n\n\n\n<p>Adem\u00e1s, hubo una Radio Abierta a trav\u00e9s de la que se abordaron temas relacionados con la salud sexual y reproductiva.<\/p>\n\n\n\n<p>El secretario de Salud P\u00fablica e Higiene, Dr. Pablo Costa, a cargo de la organizaci\u00f3n de la jornada, expres\u00f3: \u201cComo todos los a\u00f1os, nos volvimos a encontrar para brindar informaci\u00f3n y medidas preventivas sobre el VIH y las enfermedades de transmisi\u00f3n sexual. Fue una jornada muy linda, con una buena convocatoria. Es una alegr\u00eda que tanta gente venga a participar\u201d.<\/p>\n\n\n\n<p>Por su parte, el Dr. Remo Salve, asesor de la Direcci\u00f3n de Pol\u00edticas Socio-Educativas municipal, indic\u00f3: \u201cEs important\u00edsimo que los vecinos y vecinas refuercen los cuidados y la prevenci\u00f3n, ya que la s\u00edfilis es una de las problem\u00e1ticas que nos ocupan actualmente en materia de enfermedades de transmisi\u00f3n sexual. Principalmente, nos preocupa en las personas gestantes, ya que entre el 5 y el 7% les da positivo. Es aconsejable que se hagan los testeos para garantizar una buena salud en el beb\u00e9 reci\u00e9n nacido\u201d.<\/p>\n\n\n\n<p>Desde la primera gesti\u00f3n del intendente Juan Jos\u00e9 Mussi, Berazategui ha sido un Municipio pionero en el abordaje de las enfermedades de transmisi\u00f3n sexual, conmemorando a\u00f1o tras a\u00f1o fechas importantes como el D\u00eda Mundial de la Acci\u00f3n contra el Sida, con una gran participaci\u00f3n de la comunidad educativa; y llevando adelante campa\u00f1as de informaci\u00f3n, visibilizaci\u00f3n y prevenci\u00f3n en escuelas e instituciones de bien p\u00fablico en general.<\/p>\n\n\n\n<p>Para m\u00e1s informaci\u00f3n, se puede ingresar en&nbsp;<a href=\"http:\/\/berazategui.gob.ar\/salud\">berazategui.gob.ar\/salud<\/a>.<\/p>\n","protected":false},"excerpt":{"rendered":"<p>Se realiz\u00f3 una jornada masiva por el D\u00eda Nacional del Testeo R\u00e1pido de VIH, organizada&#8230;<\/p>\n","protected":false},"author":1,"featured_media":74926,"comment_status":"closed","ping_status":"closed","sticky":false,"template":"","format":"standard","meta":{"footnotes":""},"categories":[31],"tags":[],"class_list":["post-74925","post","type-post","status-publish","format-standard","has-post-thumbnail","hentry","category-salud"],"_links":{"self":[{"href":"http:\/\/conurbanodiario.com.ar\/index.php?rest_route=\/wp\/v2\/posts\/74925","targetHints":{"allow":["GET"]}}],"collection":[{"href":"http:\/\/conurbanodiario.com.ar\/index.php?rest_route=\/wp\/v2\/posts"}],"about":[{"href":"http:\/\/conurbanodiario.com.ar\/index.php?rest_route=\/wp\/v2\/types\/post"}],"author":[{"embeddable":true,"href":"http:\/\/conurbanodiario.com.ar\/index.php?rest_route=\/wp\/v2\/users\/1"}],"replies":[{"embeddable":true,"href":"http:\/\/conurbanodiario.com.ar\/index.php?rest_route=%2Fwp%2Fv2%2Fcomments&post=74925"}],"version-history":[{"count":1,"href":"http:\/\/conurbanodiario.com.ar\/index.php?rest_route=\/wp\/v2\/posts\/74925\/revisions"}],"predecessor-version":[{"id":74927,"href":"http:\/\/conurbanodiario.com.ar\/index.php?rest_route=\/wp\/v2\/posts\/74925\/revisions\/74927"}],"wp:featuredmedia":[{"embeddable":true,"href":"http:\/\/conurbanodiario.com.ar\/index.php?rest_route=\/wp\/v2\/media\/74926"}],"wp:attachment":[{"href":"http:\/\/conurbanodiario.com.ar\/index.php?rest_route=%2Fwp%2Fv2%2Fmedia&parent=74925"}],"wp:term":[{"taxonomy":"category","embeddable":true,"href":"http:\/\/conurbanodiario.com.ar\/index.php?rest_route=%2Fwp%2Fv2%2Fcategories&post=74925"},{"taxonomy":"post_tag","embeddable":true,"href":"http:\/\/conurbanodiario.com.ar\/index.php?rest_route=%2Fwp%2Fv2%2Ftags&post=74925"}],"curies":[{"name":"wp","href":"https:\/\/api.w.org\/{rel}","templated":true}]}}