{"id":74883,"date":"2024-07-05T01:07:00","date_gmt":"2024-07-05T04:07:00","guid":{"rendered":"https:\/\/conurbanodiario.com.ar\/?p=74883"},"modified":"2024-07-03T19:24:02","modified_gmt":"2024-07-03T22:24:02","slug":"museo-roverano-se-inauguraran-las-muestras-artisticas-mujeres-que-saben-a-rio-y-territorios","status":"publish","type":"post","link":"http:\/\/conurbanodiario.com.ar\/?p=74883","title":{"rendered":"MUSEO ROVERANO: SE INAUGURAR\u00c1N LAS MUESTRAS ART\u00cdSTICAS &#8220;MUJERES QUE SABEN A R\u00cdO&#8221; Y &#8220;TERRITORIOS&#8221;"},"content":{"rendered":"\n<p>El Municipio de Quilmes informa que este viernes 5 de julio, a las 19, se inaugurar\u00e1n las exposiciones \u201cMujeres que saben a r\u00edo\u201d y \u201cTerritorios\u201d en el Museo de Artes Visuales V\u00edctor Roverano, ubicado en Rivadavia 498, en el centro de la ciudad.<\/p>\n\n\n\n<p>\u201cMujeres que saben a r\u00edo\u201d, de Marina Penhos, Alicia Valdivia y Graciela Ciampini, es una muestra site-specific orientada a explorar en los recorridos personales y comunes vinculados al r\u00edo de Quilmes como espacio de pertenencia, donde la identidad, las historias y la memoria individual se unen a la colectiva en contexto.<\/p>\n\n\n\n<p>\u201cTerritorios\u201d, por su parte, es una muestra de Colectiva Enhebrada (Eugenia Di Giorgio, Paula Jim\u00e9nez, Gloria Mar\u00eda, Isolda N\u00fa\u00f1ez Portillo y Adriana Redondo), que desde el femenino convoca y une en una b\u00fasqueda com\u00fan de poder y libertad, trazando caminos hacia una salida del sistema patriarcal y a ocupar los territorios con dignidad y plenitud. Una muestra colectiva de puntadas, bordados, fotograf\u00edas, esculturas, tejidos e instalaciones.<\/p>\n\n\n\n<p>Las exposiciones podr\u00e1n visitarse hasta el 28 de julio, con entrada libre y gratuita. M\u00e1s informaci\u00f3n en&nbsp;<a href=\"https:\/\/linktr.ee\/museoroverano\">https:\/\/linktr.ee\/museoroverano<\/a><\/p>\n","protected":false},"excerpt":{"rendered":"<p>El Municipio de Quilmes informa que este viernes 5 de julio, a las 19, se&#8230;<\/p>\n","protected":false},"author":1,"featured_media":74884,"comment_status":"closed","ping_status":"closed","sticky":false,"template":"","format":"standard","meta":{"footnotes":""},"categories":[8],"tags":[],"class_list":["post-74883","post","type-post","status-publish","format-standard","has-post-thumbnail","hentry","category-cultura"],"_links":{"self":[{"href":"http:\/\/conurbanodiario.com.ar\/index.php?rest_route=\/wp\/v2\/posts\/74883","targetHints":{"allow":["GET"]}}],"collection":[{"href":"http:\/\/conurbanodiario.com.ar\/index.php?rest_route=\/wp\/v2\/posts"}],"about":[{"href":"http:\/\/conurbanodiario.com.ar\/index.php?rest_route=\/wp\/v2\/types\/post"}],"author":[{"embeddable":true,"href":"http:\/\/conurbanodiario.com.ar\/index.php?rest_route=\/wp\/v2\/users\/1"}],"replies":[{"embeddable":true,"href":"http:\/\/conurbanodiario.com.ar\/index.php?rest_route=%2Fwp%2Fv2%2Fcomments&post=74883"}],"version-history":[{"count":2,"href":"http:\/\/conurbanodiario.com.ar\/index.php?rest_route=\/wp\/v2\/posts\/74883\/revisions"}],"predecessor-version":[{"id":74886,"href":"http:\/\/conurbanodiario.com.ar\/index.php?rest_route=\/wp\/v2\/posts\/74883\/revisions\/74886"}],"wp:featuredmedia":[{"embeddable":true,"href":"http:\/\/conurbanodiario.com.ar\/index.php?rest_route=\/wp\/v2\/media\/74884"}],"wp:attachment":[{"href":"http:\/\/conurbanodiario.com.ar\/index.php?rest_route=%2Fwp%2Fv2%2Fmedia&parent=74883"}],"wp:term":[{"taxonomy":"category","embeddable":true,"href":"http:\/\/conurbanodiario.com.ar\/index.php?rest_route=%2Fwp%2Fv2%2Fcategories&post=74883"},{"taxonomy":"post_tag","embeddable":true,"href":"http:\/\/conurbanodiario.com.ar\/index.php?rest_route=%2Fwp%2Fv2%2Ftags&post=74883"}],"curies":[{"name":"wp","href":"https:\/\/api.w.org\/{rel}","templated":true}]}}