{"id":74718,"date":"2024-06-14T01:07:00","date_gmt":"2024-06-14T04:07:00","guid":{"rendered":"https:\/\/conurbanodiario.com.ar\/?p=74718"},"modified":"2024-06-13T22:06:24","modified_gmt":"2024-06-14T01:06:24","slug":"decision-ninez-el-programa-donde-los-chicos-y-chicas-tienen-voz-y-voto","status":"publish","type":"post","link":"http:\/\/conurbanodiario.com.ar\/?p=74718","title":{"rendered":"DECISI\u00d3N NI\u00d1EZ: EL PROGRAMA DONDE LOS CHICOS Y CHICAS TIENEN VOZ Y VOTO"},"content":{"rendered":"\n<p>El ministro de Desarrollo de la Comunidad, Andr\u00e9s Larroque, anunci\u00f3 el lanzamiento de la edici\u00f3n 2024 de la iniciativa impulsada por el Ministerio a trav\u00e9s del Organismo Provincial de Ni\u00f1ez y Adolescencia. Mediante esta acci\u00f3n, chicos y chicas de distintas edades presentan diversos proyectos socio-comunitarios que son financiados por el Estado provincial. Este a\u00f1o ser\u00e1n hasta 250, los cuales mejorar\u00e1n sus propias realidades y las de sus comunidades, con una inversi\u00f3n de 250 millones de pesos.<\/p>\n\n\n\n<p>Al respecto, Larroque asegur\u00f3 que la iniciativa va \u201cen l\u00ednea con el mandato del gobernador Kicillof, de promover pol\u00edticas que le den centralidad a los ni\u00f1os, ni\u00f1as y adolescentes\u201d y \u201ca trav\u00e9s de Decisi\u00f3n Ni\u00f1ez se trata de darles el lugar que merecen, con una participaci\u00f3n activa y una mirada sobre sus intereses y demandas\u201d. En ese sentido, agreg\u00f3 que esta herramienta \u201crepresenta el primer presupuesto p\u00fablico cuyo destino deciden los chicos y chicas de la Provincia\u201d.<\/p>\n\n\n\n<p>En tanto, Andrea C\u00e1ceres, directora ejecutiva del Organismo Provincial de la Ni\u00f1ez y Adolescencia explic\u00f3: \u201cPara el \u00e9xito de Decisi\u00f3n Ni\u00f1ez en fundamental la divulgaci\u00f3n y el trabajo territorial, porque es la forma de alentar y acompa\u00f1ar sobre todo a los m\u00e1s peque\u00f1os, para que no tengan dificultades al presentar sus ideas\u201d.<\/p>\n\n\n\n<h2 class=\"wp-block-heading\"><strong>Protagonistas<\/strong><\/h2>\n\n\n\n<p>Escuchar a los m\u00e1s chicos y hacer valer su voz fue el primer cambio radical que implementaron tanto La Ley Nacional N\u00ba 26.061 de Protecci\u00f3n Integral de los Derechos de las Ni\u00f1as, Ni\u00f1os y Adolescentes, como su precursora, la Ley Provincial N\u00ba 13.298.<\/p>\n\n\n\n<p>Ambas, inspiradas en la Convenci\u00f3n de los Derechos del Ni\u00f1o, cambiaron el paradigma hasta entonces: pusieron a las infancias en el centro de la escena como sujetos de derecho. Su participaci\u00f3n est\u00e1 amparada por la normativa actual y se extiende a todos los \u00e1mbitos, inclusive a algunas decisiones que parecen reservadas al mundo adulto.<\/p>\n\n\n\n<h2 class=\"wp-block-heading\"><strong>Experiencias anteriores<\/strong><\/h2>\n\n\n\n<p>Un cine barrial en Azul, un espacio y herramientas para arreglar y pintar bicicletas en Tandil o la instalaci\u00f3n de nuevos juegos para una plaza en Mor\u00f3n, son algunos sue\u00f1os que surgieron el a\u00f1o pasado de ni\u00f1os, ni\u00f1as y adolescentes de entre 8 y 17 a\u00f1os y que reciben el financiamiento necesario o los materiales para llevarlo adelante mediante el programa Decisi\u00f3n Ni\u00f1ez.<\/p>\n\n\n\n<p>Por ejemplo, Pedro, un adolescente de 14 a\u00f1os, particip\u00f3 en una edici\u00f3n anterior junto a sus amigos. En Gouin, el peque\u00f1o pueblo donde vive, no contaban con un espacio con computadoras e impresora para que los alumnos puedan realizar sus trabajos. El lugar m\u00e1s cercano para realizar estas actividades era Carmen de Areco, a 11 kil\u00f3metros de distancia.<\/p>\n\n\n\n<p>Ese fue su proyecto y result\u00f3 ganador. Ahora insta a otros a animarse: \u201cPara los que no se anotaron, les dir\u00eda que aprovechen y no dejen pasar la oportunidad. Es un espacio donde te sent\u00eds escuchado y valorado\u201d, afirma.<\/p>\n\n\n\n<h2 class=\"wp-block-heading\"><strong>C\u00f3mo participar<\/strong><\/h2>\n\n\n\n<p>Decisi\u00f3n Ni\u00f1ez est\u00e1 dividido en etapas de acuerdo a diferentes fases: convocatoria, asambleas locales, asambleas zonales para la selecci\u00f3n de proyectos y por \u00faltimo, la ejecuci\u00f3n de la iniciativa.<\/p>\n\n\n\n<p>Para formar parte del programa, cada grupo podr\u00e1 inscribirse a partir de este 14 de junio mediante un formulario a trav\u00e9s de la web&nbsp;<a href=\"https:\/\/www.gba.gob.ar\/desarrollo_de_la_comunidad\/decision_ninez\">https:\/\/www.gba.gob.ar\/desarrollo_de_la_comunidad\/decision_ninez<\/a>&nbsp;y una vez aprobado, comienza el camino hacia la participaci\u00f3n.<\/p>\n\n\n\n<p>La segunda etapa es la conformaci\u00f3n de una asamblea local donde ni\u00f1as, ni\u00f1os y j\u00f3venes eligen por consenso o votaci\u00f3n por el sue\u00f1o que m\u00e1s los representa y, una vez superado este paso, se llega a la tercera etapa: una asamblea regional en cada uno de los 25 Servicios Zonales de Promoci\u00f3n y Protecci\u00f3n de Derechos de la Provincia.<\/p>\n\n\n\n<p>Una vez elegidos estos proyectos por regi\u00f3n, se inicia la \u00faltima etapa: financiaci\u00f3n y ejecuci\u00f3n de las iniciativas, de hasta 1 mill\u00f3n de pesos cada una.<\/p>\n\n\n\n<p>\u201cEn caso de que un proyecto no sea elegido, los pibes y pibas no deben desalentarse. Cada presentaci\u00f3n ingresa en una base de datos digital para que quiz\u00e1s puedan llevarse a cabo en otras ediciones, o se concrete de la mano del Estado provincial, en el marco de otros programas, con financiamiento municipal, asociaciones civiles, empresas o cualquier otra persona o entidad que quiera colaborar\u201d, aclar\u00f3 en ese sentido C\u00e1ceres.<\/p>\n","protected":false},"excerpt":{"rendered":"<p>El ministro de Desarrollo de la Comunidad, Andr\u00e9s Larroque, anunci\u00f3 el lanzamiento de la edici\u00f3n&#8230;<\/p>\n","protected":false},"author":1,"featured_media":74719,"comment_status":"closed","ping_status":"closed","sticky":false,"template":"","format":"standard","meta":{"footnotes":""},"categories":[28],"tags":[],"class_list":["post-74718","post","type-post","status-publish","format-standard","has-post-thumbnail","hentry","category-la-provincia"],"_links":{"self":[{"href":"http:\/\/conurbanodiario.com.ar\/index.php?rest_route=\/wp\/v2\/posts\/74718","targetHints":{"allow":["GET"]}}],"collection":[{"href":"http:\/\/conurbanodiario.com.ar\/index.php?rest_route=\/wp\/v2\/posts"}],"about":[{"href":"http:\/\/conurbanodiario.com.ar\/index.php?rest_route=\/wp\/v2\/types\/post"}],"author":[{"embeddable":true,"href":"http:\/\/conurbanodiario.com.ar\/index.php?rest_route=\/wp\/v2\/users\/1"}],"replies":[{"embeddable":true,"href":"http:\/\/conurbanodiario.com.ar\/index.php?rest_route=%2Fwp%2Fv2%2Fcomments&post=74718"}],"version-history":[{"count":1,"href":"http:\/\/conurbanodiario.com.ar\/index.php?rest_route=\/wp\/v2\/posts\/74718\/revisions"}],"predecessor-version":[{"id":74720,"href":"http:\/\/conurbanodiario.com.ar\/index.php?rest_route=\/wp\/v2\/posts\/74718\/revisions\/74720"}],"wp:featuredmedia":[{"embeddable":true,"href":"http:\/\/conurbanodiario.com.ar\/index.php?rest_route=\/wp\/v2\/media\/74719"}],"wp:attachment":[{"href":"http:\/\/conurbanodiario.com.ar\/index.php?rest_route=%2Fwp%2Fv2%2Fmedia&parent=74718"}],"wp:term":[{"taxonomy":"category","embeddable":true,"href":"http:\/\/conurbanodiario.com.ar\/index.php?rest_route=%2Fwp%2Fv2%2Fcategories&post=74718"},{"taxonomy":"post_tag","embeddable":true,"href":"http:\/\/conurbanodiario.com.ar\/index.php?rest_route=%2Fwp%2Fv2%2Ftags&post=74718"}],"curies":[{"name":"wp","href":"https:\/\/api.w.org\/{rel}","templated":true}]}}