{"id":74715,"date":"2024-06-14T01:05:00","date_gmt":"2024-06-14T04:05:00","guid":{"rendered":"https:\/\/conurbanodiario.com.ar\/?p=74715"},"modified":"2024-06-13T21:22:36","modified_gmt":"2024-06-14T00:22:36","slug":"general-rodriguez-se-le-retiro-la-licencia-a-la-funcionaria-que-conducia-alcoholizada","status":"publish","type":"post","link":"http:\/\/conurbanodiario.com.ar\/?p=74715","title":{"rendered":"GENERAL RODR\u00cdGUEZ: SE LE RETIR\u00d3 LA LICENCIA A LA FUNCIONARIA QUE CONDUC\u00cdA ALCOHOLIZADA"},"content":{"rendered":"\n<p>En las \u00faltimas horas, el Ministerio de Transporte de la provincia de Buenos Aires, a cargo de Jorge D&#8217;Onofrio actu\u00f3 de forma inmediata ante la detenci\u00f3n de una funcionaria del distrito de General Rodr\u00edguez con alcoholemia positiva. El suceso ocurri\u00f3 sobre la traza de la Ruta 7 altura Manuela Maison, cuando el veh\u00edculo de Paola Szchur impact\u00f3 contra una camioneta y caus\u00f3 heridas al acompa\u00f1ante de la misma.<\/p>\n\n\n\n<p>Ante el accionar de los agentes se constat\u00f3 que la conductora del Chevrolet Corsa se encontraba con 3,21 de alcohol en sangre y qued\u00f3 a disposici\u00f3n de la Justicia por la actitud temeraria al volante. En ese marco, desde la cartera que dirige D&#8217;Onofrio se avanz\u00f3 sobre la actitud de la ahora exsubsecretaria de Desarrollo Comunitario del distrito del oeste del \u00c1rea Metropolitana Buenos Aires y se le quit\u00f3 la licencia de conducir, quedar\u00e1 inhabilitada por 18 meses y deber\u00e1 asistir a cursos de capacitaci\u00f3n para el correcto uso de la v\u00eda p\u00fablica.<\/p>\n\n\n\n<p>Cabe se\u00f1alar que, desde enero de 2023 y luego del extenso debate legislativo del que participaron todos los actores involucrados, en todo el territorio de la provincia de Buenos Aires rige el alcohol cero al volante.<\/p>\n\n\n\n<p>La legislaci\u00f3n impulsada por el pilarense D&#8217;Onofrio con el apoyo del gobernador Axel Kicillof, contempla penalidades como retenci\u00f3n de la licencia e inhabilitaci\u00f3n para manejar, arresto, multas y obligaci\u00f3n de concurrir a cursos especiales de educaci\u00f3n y capacitaci\u00f3n para el correcto uso de la v\u00eda p\u00fablica. Las puniciones tienen diferentes grados de aplicaci\u00f3n de acuerdo a los niveles de alcohol en sangre detectados.<\/p>\n\n\n\n<p>As\u00ed, quienes conduzcan con valores de hasta 499 miligramos recibir\u00e1n tres meses de inhabilitaci\u00f3n para manejar. Si el grado de alcoholemia se encuentra entre 500 y 999 miligramos, la pena ser\u00e1 de seis meses. En tanto, estar\u00e1n inhabilitadas por 18 meses las personas que circulen con tasas entre 1000 y 1500 miligramos de alcohol por litro de sangre. Por \u00faltimo, quienes superen los 1500 miligramos no podr\u00e1n conducir por el lapso de 18 meses.<\/p>\n","protected":false},"excerpt":{"rendered":"<p>En las \u00faltimas horas, el Ministerio de Transporte de la provincia de Buenos Aires, a&#8230;<\/p>\n","protected":false},"author":1,"featured_media":74716,"comment_status":"closed","ping_status":"closed","sticky":false,"template":"","format":"standard","meta":{"footnotes":""},"categories":[35],"tags":[],"class_list":["post-74715","post","type-post","status-publish","format-standard","has-post-thumbnail","hentry","category-politica"],"_links":{"self":[{"href":"http:\/\/conurbanodiario.com.ar\/index.php?rest_route=\/wp\/v2\/posts\/74715","targetHints":{"allow":["GET"]}}],"collection":[{"href":"http:\/\/conurbanodiario.com.ar\/index.php?rest_route=\/wp\/v2\/posts"}],"about":[{"href":"http:\/\/conurbanodiario.com.ar\/index.php?rest_route=\/wp\/v2\/types\/post"}],"author":[{"embeddable":true,"href":"http:\/\/conurbanodiario.com.ar\/index.php?rest_route=\/wp\/v2\/users\/1"}],"replies":[{"embeddable":true,"href":"http:\/\/conurbanodiario.com.ar\/index.php?rest_route=%2Fwp%2Fv2%2Fcomments&post=74715"}],"version-history":[{"count":1,"href":"http:\/\/conurbanodiario.com.ar\/index.php?rest_route=\/wp\/v2\/posts\/74715\/revisions"}],"predecessor-version":[{"id":74717,"href":"http:\/\/conurbanodiario.com.ar\/index.php?rest_route=\/wp\/v2\/posts\/74715\/revisions\/74717"}],"wp:featuredmedia":[{"embeddable":true,"href":"http:\/\/conurbanodiario.com.ar\/index.php?rest_route=\/wp\/v2\/media\/74716"}],"wp:attachment":[{"href":"http:\/\/conurbanodiario.com.ar\/index.php?rest_route=%2Fwp%2Fv2%2Fmedia&parent=74715"}],"wp:term":[{"taxonomy":"category","embeddable":true,"href":"http:\/\/conurbanodiario.com.ar\/index.php?rest_route=%2Fwp%2Fv2%2Fcategories&post=74715"},{"taxonomy":"post_tag","embeddable":true,"href":"http:\/\/conurbanodiario.com.ar\/index.php?rest_route=%2Fwp%2Fv2%2Ftags&post=74715"}],"curies":[{"name":"wp","href":"https:\/\/api.w.org\/{rel}","templated":true}]}}