{"id":74693,"date":"2024-06-14T01:00:00","date_gmt":"2024-06-14T04:00:00","guid":{"rendered":"https:\/\/conurbanodiario.com.ar\/?p=74693"},"modified":"2024-06-13T20:36:38","modified_gmt":"2024-06-13T23:36:38","slug":"la-seleccion-argentina-juega-ante-guatemala-con-la-vuelta-de-messi-como-titular","status":"publish","type":"post","link":"http:\/\/conurbanodiario.com.ar\/?p=74693","title":{"rendered":"LA SELECCI\u00d3N ARGENTINA JUEGA ANTE GUATEMALA, CON LA VUELTA DE MESSI COMO TITULAR"},"content":{"rendered":"\n<p>La Selecci\u00f3n argentina se enfrentar\u00e1 este viernes a Guatemala, en el&nbsp;\u00faltimo amistoso previo al inicio de la Copa Am\u00e9rica, con la novedad de que el capit\u00e1n&nbsp;Lionel Messi comenzar\u00e1 el partido como titular.<\/p>\n\n\n\n<p>Los dirigidos por Lionel Scaloni vienen de vencer 1-0 a Ecuador, en un encuentro muy disputado y que no tuvo nada de amistoso.&nbsp;Ante Guatemala, a partir de las 21, tendr\u00e1n su \u00faltima prueba antes de comenzar la defensa del t\u00edtulo en la Copa Am\u00e9rica, en la que debutar\u00e1n ante Canad\u00e1 el pr\u00f3ximo jueves 20. Sus otros rivales en el certamen continental van a ser Chile y Per\u00fa.<\/p>\n\n\n\n<p>La idea de Scaloni para este partido es darle minutos a aquellos que no estuvieron frente a Ecuador.&nbsp;Esto significar\u00eda el regreso al once inicial de los defensores&nbsp;Nicol\u00e1s Tagliafico, Nicol\u00e1s Otamendi y Nahuel Molina, de los mediocampistas&nbsp;Alexis Mac Allister y Enzo Fern\u00e1ndez,&nbsp;y el astro&nbsp;Lionel Messi, entre otros. Tampoco hay que descartar un&nbsp;posible ingreso de Exequiel Palacios en lugar de Rodrigo De Paul.<\/p>\n\n\n\n<p>Ayer los jugadores debieron entrenarse en el hotel debido a la inundaci\u00f3n y el alerta meteorol\u00f3gica en Fort Lauderdale, Miami.<\/p>\n\n\n\n<p>Guatemala, por su parte, viene de ganarle 3-0 a las Islas V\u00edrgenes Brit\u00e1nicas por la segunda ronda de las Eliminatorias para el Mundial 2026.<\/p>\n\n\n\n<p>El partido se jugar\u00e1 en el&nbsp;FedEx Field, un estadio en&nbsp;Washington&nbsp;con capacidad para 67 mil personas.<\/p>\n\n\n\n<h4 class=\"wp-block-heading\">Las siguientes son las probables formaciones y otros detalles del encuentro<\/h4>\n\n\n\n<p><strong>Argentina-Guatemala.<\/strong><\/p>\n\n\n\n<p><strong>Amistoso internacional.<\/strong><\/p>\n\n\n\n<p><strong>Estadio<\/strong>: FedExField, Maryland, Estados Unidos.<\/p>\n\n\n\n<p><strong>\u00c1rbitro<\/strong>: a confirmar.<\/p>\n\n\n\n<p><strong>Hora de inicio<\/strong>: 21:00.&nbsp;<strong>TV<\/strong>: TyC Sports y Telefe.<\/p>\n\n\n\n<p><strong>Argentina<\/strong>: Emiliano Mart\u00ednez; Nahuel Molina, Nicol\u00e1s Otamendi, Cristian Romero o Lucas Mart\u00ednez Quarta, Nicol\u00e1s Tagliafico; Alexis Mac Allister, Enzo Fern\u00e1ndez, Rodrigo De Paul o Exequiel Palacios; Lionel Messi, Juli\u00e1n \u00c1lvarez o Lautaro Mart\u00ednez y \u00c1ngel Di Mar\u00eda.&nbsp;<strong>DT<\/strong>: Lionel Scaloni.<\/p>\n\n\n\n<p><strong>Guatemala<\/strong>:&nbsp;Nicholas Hagen; Jos\u00e9 Ard\u00f3n, Jos\u00e9 Carlos Pinto, Jos\u00e9 Morales, Allen Yanes; Jonathan Franco, \u00d3scar Castellanos, Alejandro Galindo; Rubio Rub\u00edn, \u00d3scar Santis y Nathaniel M\u00e9ndez.&nbsp;<strong>DT<\/strong>: Luis Fernando Tena.<\/p>\n","protected":false},"excerpt":{"rendered":"<p>La Selecci\u00f3n argentina se enfrentar\u00e1 este viernes a Guatemala, en el&nbsp;\u00faltimo amistoso previo al inicio&#8230;<\/p>\n","protected":false},"author":1,"featured_media":74694,"comment_status":"closed","ping_status":"closed","sticky":false,"template":"","format":"standard","meta":{"footnotes":""},"categories":[1,32],"tags":[],"class_list":["post-74693","post","type-post","status-publish","format-standard","has-post-thumbnail","hentry","category-noticia-del-dia","category-deportes"],"_links":{"self":[{"href":"http:\/\/conurbanodiario.com.ar\/index.php?rest_route=\/wp\/v2\/posts\/74693","targetHints":{"allow":["GET"]}}],"collection":[{"href":"http:\/\/conurbanodiario.com.ar\/index.php?rest_route=\/wp\/v2\/posts"}],"about":[{"href":"http:\/\/conurbanodiario.com.ar\/index.php?rest_route=\/wp\/v2\/types\/post"}],"author":[{"embeddable":true,"href":"http:\/\/conurbanodiario.com.ar\/index.php?rest_route=\/wp\/v2\/users\/1"}],"replies":[{"embeddable":true,"href":"http:\/\/conurbanodiario.com.ar\/index.php?rest_route=%2Fwp%2Fv2%2Fcomments&post=74693"}],"version-history":[{"count":1,"href":"http:\/\/conurbanodiario.com.ar\/index.php?rest_route=\/wp\/v2\/posts\/74693\/revisions"}],"predecessor-version":[{"id":74695,"href":"http:\/\/conurbanodiario.com.ar\/index.php?rest_route=\/wp\/v2\/posts\/74693\/revisions\/74695"}],"wp:featuredmedia":[{"embeddable":true,"href":"http:\/\/conurbanodiario.com.ar\/index.php?rest_route=\/wp\/v2\/media\/74694"}],"wp:attachment":[{"href":"http:\/\/conurbanodiario.com.ar\/index.php?rest_route=%2Fwp%2Fv2%2Fmedia&parent=74693"}],"wp:term":[{"taxonomy":"category","embeddable":true,"href":"http:\/\/conurbanodiario.com.ar\/index.php?rest_route=%2Fwp%2Fv2%2Fcategories&post=74693"},{"taxonomy":"post_tag","embeddable":true,"href":"http:\/\/conurbanodiario.com.ar\/index.php?rest_route=%2Fwp%2Fv2%2Ftags&post=74693"}],"curies":[{"name":"wp","href":"https:\/\/api.w.org\/{rel}","templated":true}]}}