{"id":74649,"date":"2024-06-13T01:04:00","date_gmt":"2024-06-13T04:04:00","guid":{"rendered":"https:\/\/conurbanodiario.com.ar\/?p=74649"},"modified":"2024-06-12T15:38:28","modified_gmt":"2024-06-12T18:38:28","slug":"mercado-vecino-productos-frescos-de-la-huerta-a-la-mesa","status":"publish","type":"post","link":"http:\/\/conurbanodiario.com.ar\/?p=74649","title":{"rendered":"MERCADO VECINO: PRODUCTOS FRESCOS, DE LA HUERTA A LA MESA"},"content":{"rendered":"\n<p><strong>Mercado Vecino, la feria itinerante municipal de Berazategui, sigue recorriendo los barrios con las mejores ofertas en frutas, verduras, l\u00e1cteos, carne, pescados, panificados; plantas y flores directo de productores locales. Desde su creaci\u00f3n en 2016, se convirti\u00f3 en una referencia ineludible a la hora de acceder a productos frescos, de buena calidad y a precios accesibles.<\/strong><\/p>\n\n\n\n<p>Mercado Vecino funciona todos los lunes en la Plaza Rigolleau (Av. 14 y Lisandro de la Torre), de 8.00 a 13.00. A su vez, de martes a viernes recorre diferentes puntos del distrito, de 8.30 a 12.30. En todos los casos se suspende por malas condiciones clim\u00e1ticas. El cronograma completo se encuentra en&nbsp;<a href=\"http:\/\/berazategui.gob.ar\/mercadovecino\" target=\"_blank\" rel=\"noreferrer noopener\">berazategui.gob.ar\/mercadovecino<\/a>.<\/p>\n\n\n\n<p>Esta iniciativa es impulsada por el intendente Juan Jos\u00e9 Mussi, como parte de las pol\u00edticas de fomento a la producci\u00f3n y consumo local. En ese sentido, Mercado Vecino representa una oportunidad ideal: los productores cuentan con un espacio de comercializaci\u00f3n y los vecinos acceden a sus productos de manera directa, sin intermediarios, a un precio mucho m\u00e1s bajo.<\/p>\n\n\n\n<p>Gracia Tricinella, vecina de Berazategui Centro que se acerca todos los lunes a la edici\u00f3n en la Plaza Rigolleau, expres\u00f3: \u201cLa atenci\u00f3n, la mercader\u00eda y los precios son excelentes, no me puedo quejar. Siempre que vengo, compro verduras, pero hoy tambi\u00e9n me llev\u00e9 pescado. Me gusta comprar todo en Mercado Vecino\u201d.<\/p>\n","protected":false},"excerpt":{"rendered":"<p>Mercado Vecino, la feria itinerante municipal de Berazategui, sigue recorriendo los barrios con las mejores&#8230;<\/p>\n","protected":false},"author":1,"featured_media":74650,"comment_status":"closed","ping_status":"closed","sticky":false,"template":"","format":"standard","meta":{"footnotes":""},"categories":[1,3],"tags":[],"class_list":["post-74649","post","type-post","status-publish","format-standard","has-post-thumbnail","hentry","category-noticia-del-dia","category-informacion-general"],"_links":{"self":[{"href":"http:\/\/conurbanodiario.com.ar\/index.php?rest_route=\/wp\/v2\/posts\/74649","targetHints":{"allow":["GET"]}}],"collection":[{"href":"http:\/\/conurbanodiario.com.ar\/index.php?rest_route=\/wp\/v2\/posts"}],"about":[{"href":"http:\/\/conurbanodiario.com.ar\/index.php?rest_route=\/wp\/v2\/types\/post"}],"author":[{"embeddable":true,"href":"http:\/\/conurbanodiario.com.ar\/index.php?rest_route=\/wp\/v2\/users\/1"}],"replies":[{"embeddable":true,"href":"http:\/\/conurbanodiario.com.ar\/index.php?rest_route=%2Fwp%2Fv2%2Fcomments&post=74649"}],"version-history":[{"count":1,"href":"http:\/\/conurbanodiario.com.ar\/index.php?rest_route=\/wp\/v2\/posts\/74649\/revisions"}],"predecessor-version":[{"id":74651,"href":"http:\/\/conurbanodiario.com.ar\/index.php?rest_route=\/wp\/v2\/posts\/74649\/revisions\/74651"}],"wp:featuredmedia":[{"embeddable":true,"href":"http:\/\/conurbanodiario.com.ar\/index.php?rest_route=\/wp\/v2\/media\/74650"}],"wp:attachment":[{"href":"http:\/\/conurbanodiario.com.ar\/index.php?rest_route=%2Fwp%2Fv2%2Fmedia&parent=74649"}],"wp:term":[{"taxonomy":"category","embeddable":true,"href":"http:\/\/conurbanodiario.com.ar\/index.php?rest_route=%2Fwp%2Fv2%2Fcategories&post=74649"},{"taxonomy":"post_tag","embeddable":true,"href":"http:\/\/conurbanodiario.com.ar\/index.php?rest_route=%2Fwp%2Fv2%2Ftags&post=74649"}],"curies":[{"name":"wp","href":"https:\/\/api.w.org\/{rel}","templated":true}]}}