{"id":74640,"date":"2024-06-12T01:07:00","date_gmt":"2024-06-12T04:07:00","guid":{"rendered":"https:\/\/conurbanodiario.com.ar\/?p=74640"},"modified":"2024-06-12T15:24:14","modified_gmt":"2024-06-12T18:24:14","slug":"nuevo-operativo-conjunto-de-control-de-cargas-entre-el-municipio-y-la-provincia","status":"publish","type":"post","link":"http:\/\/conurbanodiario.com.ar\/?p=74640","title":{"rendered":"NUEVO OPERATIVO CONJUNTO DE CONTROL DE CARGAS ENTRE EL MUNICIPIO Y LA PROVINCIA"},"content":{"rendered":"\n<p>El Municipio de Quilmes informa que durante la jornada del martes y en conjunto con el Ministerio de Transporte de la provincia de Buenos Aires, se realiz\u00f3 un nuevo operativo de control de cargas del transporte pesado.<\/p>\n\n\n\n<p>La actividad se desarroll\u00f3 a trav\u00e9s de la Agencia de Fiscalizaci\u00f3n, Control Comunal y Desarrollo Econ\u00f3mico de Quilmes, acompa\u00f1ada por las Direcciones de Tr\u00e1nsito y Transporte, y de Bromatolog\u00eda, la Secretar\u00eda de Seguridad, y el Gobierno Provincial, con el fin de controlar los veh\u00edculos de transporte pesado de cargas con el sistema de balanzas din\u00e1micas, para constatar el peso de los camiones.<\/p>\n\n\n\n<p>Los operativos se montaron en la intersecci\u00f3n de la avenida Los Quilmes y la calle Bermejo, en Bernal Oeste. Simult\u00e1neamente, se realizaron controles en ruta provincial 4 (avenida Gobernador Monteverde), en San Francisco Solano.<\/p>\n\n\n\n<p>Como resultado del procedimiento, se verificaron un total de 134 veh\u00edculos, de los cuales se retuvieron 12 licencias, se demoraron 3 veh\u00edculos y 1 motoveh\u00edculo.<br><\/p>\n","protected":false},"excerpt":{"rendered":"<p>El Municipio de Quilmes informa que durante la jornada del martes y en conjunto con&#8230;<\/p>\n","protected":false},"author":1,"featured_media":74641,"comment_status":"closed","ping_status":"closed","sticky":false,"template":"","format":"standard","meta":{"footnotes":""},"categories":[3],"tags":[],"class_list":["post-74640","post","type-post","status-publish","format-standard","has-post-thumbnail","hentry","category-informacion-general"],"_links":{"self":[{"href":"http:\/\/conurbanodiario.com.ar\/index.php?rest_route=\/wp\/v2\/posts\/74640","targetHints":{"allow":["GET"]}}],"collection":[{"href":"http:\/\/conurbanodiario.com.ar\/index.php?rest_route=\/wp\/v2\/posts"}],"about":[{"href":"http:\/\/conurbanodiario.com.ar\/index.php?rest_route=\/wp\/v2\/types\/post"}],"author":[{"embeddable":true,"href":"http:\/\/conurbanodiario.com.ar\/index.php?rest_route=\/wp\/v2\/users\/1"}],"replies":[{"embeddable":true,"href":"http:\/\/conurbanodiario.com.ar\/index.php?rest_route=%2Fwp%2Fv2%2Fcomments&post=74640"}],"version-history":[{"count":1,"href":"http:\/\/conurbanodiario.com.ar\/index.php?rest_route=\/wp\/v2\/posts\/74640\/revisions"}],"predecessor-version":[{"id":74642,"href":"http:\/\/conurbanodiario.com.ar\/index.php?rest_route=\/wp\/v2\/posts\/74640\/revisions\/74642"}],"wp:featuredmedia":[{"embeddable":true,"href":"http:\/\/conurbanodiario.com.ar\/index.php?rest_route=\/wp\/v2\/media\/74641"}],"wp:attachment":[{"href":"http:\/\/conurbanodiario.com.ar\/index.php?rest_route=%2Fwp%2Fv2%2Fmedia&parent=74640"}],"wp:term":[{"taxonomy":"category","embeddable":true,"href":"http:\/\/conurbanodiario.com.ar\/index.php?rest_route=%2Fwp%2Fv2%2Fcategories&post=74640"},{"taxonomy":"post_tag","embeddable":true,"href":"http:\/\/conurbanodiario.com.ar\/index.php?rest_route=%2Fwp%2Fv2%2Ftags&post=74640"}],"curies":[{"name":"wp","href":"https:\/\/api.w.org\/{rel}","templated":true}]}}