{"id":74633,"date":"2024-06-13T01:06:00","date_gmt":"2024-06-13T04:06:00","guid":{"rendered":"https:\/\/conurbanodiario.com.ar\/?p=74633"},"modified":"2024-06-12T15:06:39","modified_gmt":"2024-06-12T18:06:39","slug":"se-fugaron-cuatro-presos-de-una-comisaria-de-bernal-dos-fueron-recapturados","status":"publish","type":"post","link":"http:\/\/conurbanodiario.com.ar\/?p=74633","title":{"rendered":"SE FUGARON CUATRO PRESOS DE UNA COMISAR\u00cdA DE BERNAL: DOS FUERON RECAPTURADOS"},"content":{"rendered":"\n<p>Se fugaron cuatro presos de la comisar\u00eda octava de Bernal y horas despu\u00e9s dos fueron recapturados por efectivos de la Polic\u00eda bonaerense tras varios rastrillajes.<\/p>\n\n\n\n<p>La fuga tuvo lugar en la tarde del martes en la seccional ubicada en la calle Paran\u00e1 al 466, localidad de Bernal, cuando cuatro presos aprovecharon una distracci\u00f3n y se escaparon.<\/p>\n\n\n\n<p>Seg\u00fan medios locales, el primero fue encontrado horas despu\u00e9s cerca de la autopista, mientras que el segundo durante la noche en Guernica.<\/p>\n\n\n\n<p>No es la primera vez que dicha comisar\u00eda tuvo inconvenientes de esta \u00edndole. En julio de 2023 otros cuatro reclusos intentaron huir cuando el oficial abr\u00eda la puerta del calabozo para que pudieran ir al ba\u00f1o.<\/p>\n\n\n\n<p>All\u00ed, los hombres lo atacaron a golpes: \u201cAbrime la reja que nos vamos, te vamos a matar\u201d, amenazaron.<\/p>\n\n\n\n<p>Aun as\u00ed, el plan fue desbaratado cuando otro agente policial alert\u00f3 la situaci\u00f3n y comenz\u00f3 una balacera con escopetas y balas de goma. Por este hecho, uno de los detenidos recibi\u00f3 un tiro en el ojo y otro en una pierna.<\/p>\n","protected":false},"excerpt":{"rendered":"<p>Se fugaron cuatro presos de la comisar\u00eda octava de Bernal y horas despu\u00e9s dos fueron&#8230;<\/p>\n","protected":false},"author":1,"featured_media":74634,"comment_status":"closed","ping_status":"closed","sticky":false,"template":"","format":"standard","meta":{"footnotes":""},"categories":[10],"tags":[],"class_list":["post-74633","post","type-post","status-publish","format-standard","has-post-thumbnail","hentry","category-seguridad"],"_links":{"self":[{"href":"http:\/\/conurbanodiario.com.ar\/index.php?rest_route=\/wp\/v2\/posts\/74633","targetHints":{"allow":["GET"]}}],"collection":[{"href":"http:\/\/conurbanodiario.com.ar\/index.php?rest_route=\/wp\/v2\/posts"}],"about":[{"href":"http:\/\/conurbanodiario.com.ar\/index.php?rest_route=\/wp\/v2\/types\/post"}],"author":[{"embeddable":true,"href":"http:\/\/conurbanodiario.com.ar\/index.php?rest_route=\/wp\/v2\/users\/1"}],"replies":[{"embeddable":true,"href":"http:\/\/conurbanodiario.com.ar\/index.php?rest_route=%2Fwp%2Fv2%2Fcomments&post=74633"}],"version-history":[{"count":1,"href":"http:\/\/conurbanodiario.com.ar\/index.php?rest_route=\/wp\/v2\/posts\/74633\/revisions"}],"predecessor-version":[{"id":74635,"href":"http:\/\/conurbanodiario.com.ar\/index.php?rest_route=\/wp\/v2\/posts\/74633\/revisions\/74635"}],"wp:featuredmedia":[{"embeddable":true,"href":"http:\/\/conurbanodiario.com.ar\/index.php?rest_route=\/wp\/v2\/media\/74634"}],"wp:attachment":[{"href":"http:\/\/conurbanodiario.com.ar\/index.php?rest_route=%2Fwp%2Fv2%2Fmedia&parent=74633"}],"wp:term":[{"taxonomy":"category","embeddable":true,"href":"http:\/\/conurbanodiario.com.ar\/index.php?rest_route=%2Fwp%2Fv2%2Fcategories&post=74633"},{"taxonomy":"post_tag","embeddable":true,"href":"http:\/\/conurbanodiario.com.ar\/index.php?rest_route=%2Fwp%2Fv2%2Ftags&post=74633"}],"curies":[{"name":"wp","href":"https:\/\/api.w.org\/{rel}","templated":true}]}}