{"id":74630,"date":"2024-06-13T01:05:00","date_gmt":"2024-06-13T04:05:00","guid":{"rendered":"https:\/\/conurbanodiario.com.ar\/?p=74630"},"modified":"2024-06-12T15:01:02","modified_gmt":"2024-06-12T18:01:02","slug":"comenzo-el-juicio-contra-un-policia-por-gatillo-facil-contra-su-ex-cunado-en-la-plata","status":"publish","type":"post","link":"http:\/\/conurbanodiario.com.ar\/?p=74630","title":{"rendered":"COMENZ\u00d3 EL JUICIO CONTRA UN POLIC\u00cdA POR GATILLO F\u00c1CIL CONTRA SU EX CU\u00d1ADO EN LA PLATA"},"content":{"rendered":"\n<p>En el\u00a0Tribunal Oral en lo Criminal N\u00b05\u00a0de\u00a0La Plata\u00a0comenz\u00f3 el juicio oral contra\u00a0un polic\u00eda por gatillo f\u00e1cil contra su ex cu\u00f1ado en 2019\u00a0en un confuso operativo para detener a delincuentes.<\/p>\n\n\n\n<p>Ayer mi\u00e9rcolesen el edificio judicial ubicado en la calle 8, intersecci\u00f3n 56 y 57, inici\u00f3 el debate contra el\u00a0efectivo Rodrigo Laurent\u00a0por el asesinato de su ex cu\u00f1ado,\u00a0Nicol\u00e1s Vargas, en abril de 2019 cuando realizaba un patrullaje en la zona\u00a0oeste de la ciudad\u00a0junto con un colega.<\/p>\n\n\n\n<p>Seg\u00fan inform\u00f3 el medio\u00a0<em>Info Blanco sobre Negro<\/em>, aquella noche del 1 de abril Laurent y su compa\u00f1ero iniciaron una\u00a0<strong>persecuci\u00f3n\u00a0<\/strong>con el patrullero para\u00a0atrapar a dos j\u00f3venes que iban en una moto por el barrio Malvinas.<\/p>\n\n\n\n<p>Del caso se resalta que aquella noche agentes de seguridad\u00a0le informaron por radio que hab\u00eda llegado un llamado al 911 por robo en la Plaza Malvinas.\u00a0Aun as\u00ed, seg\u00fan declar\u00f3 el efectivo acusado,\u00a0confundi\u00f3 el parque con el barrio\u00a0y comenz\u00f3 con el operativo.<\/p>\n\n\n\n<p>\u201cEn el expediente judicial que se tramita por este caso hay constancia de que lanzaron varios balazos contra dos\u00a0j\u00f3venes, provoc\u00e1ndole la muerte\u00a0a Nicol\u00e1s Vargas y dejando herido a su acompa\u00f1ante\u201d, detalla el medio.<\/p>\n\n\n\n<p>Lo que se manifiesta en la causa es que Laurent\u00a0sab\u00eda que hab\u00eda herido gravemente a su ex cu\u00f1ado\u00a0y que cuando lo traslad\u00f3 al hospital San Mart\u00edn\u00a0lo ingres\u00f3 como un NN.<\/p>\n\n\n\n<p>Cuando los m\u00e9dicos constataron su muerte, el oficial le mand\u00f3 un mensaje a otro ex cu\u00f1ado, hermano de la v\u00edctima, y le cont\u00f3 lo ocurrido: \u00abEscuch\u00e9 un radio llamado, me mand\u00e9 una cagada y mat\u00e9 a Nicol\u00e1s\u201d.<\/p>\n\n\n\n<p>Los abogados de la familia de Vargas se\u00f1alan que en todo momento el efectivo sab\u00eda que se trataba de un ex familiar ya que, adem\u00e1s de reconocerlo,\u00a0el joven ten\u00eda el DNI en el bolsillo:\u00a0\u201cAh\u00ed le plantan un arma para justificar el homicidio\u201d.<\/p>\n\n\n\n<p>Por este caso, Laurent se sentar\u00e1 en el banquillo de los acusados y despu\u00e9s de las audiencias del\u00a012, 13 y 14 de junio\u00a0sabr\u00e1 su responsabilidad por parte del tribunal, integrado por\u00a0Ezequiel Augusto Medrano, Carmen Palacios Arias y Agust\u00edn Carlos Crispo.<\/p>\n","protected":false},"excerpt":{"rendered":"<p>En el\u00a0Tribunal Oral en lo Criminal N\u00b05\u00a0de\u00a0La Plata\u00a0comenz\u00f3 el juicio oral contra\u00a0un polic\u00eda por gatillo&#8230;<\/p>\n","protected":false},"author":1,"featured_media":74631,"comment_status":"closed","ping_status":"closed","sticky":false,"template":"","format":"standard","meta":{"footnotes":""},"categories":[29],"tags":[],"class_list":["post-74630","post","type-post","status-publish","format-standard","has-post-thumbnail","hentry","category-judiciales"],"_links":{"self":[{"href":"http:\/\/conurbanodiario.com.ar\/index.php?rest_route=\/wp\/v2\/posts\/74630","targetHints":{"allow":["GET"]}}],"collection":[{"href":"http:\/\/conurbanodiario.com.ar\/index.php?rest_route=\/wp\/v2\/posts"}],"about":[{"href":"http:\/\/conurbanodiario.com.ar\/index.php?rest_route=\/wp\/v2\/types\/post"}],"author":[{"embeddable":true,"href":"http:\/\/conurbanodiario.com.ar\/index.php?rest_route=\/wp\/v2\/users\/1"}],"replies":[{"embeddable":true,"href":"http:\/\/conurbanodiario.com.ar\/index.php?rest_route=%2Fwp%2Fv2%2Fcomments&post=74630"}],"version-history":[{"count":1,"href":"http:\/\/conurbanodiario.com.ar\/index.php?rest_route=\/wp\/v2\/posts\/74630\/revisions"}],"predecessor-version":[{"id":74632,"href":"http:\/\/conurbanodiario.com.ar\/index.php?rest_route=\/wp\/v2\/posts\/74630\/revisions\/74632"}],"wp:featuredmedia":[{"embeddable":true,"href":"http:\/\/conurbanodiario.com.ar\/index.php?rest_route=\/wp\/v2\/media\/74631"}],"wp:attachment":[{"href":"http:\/\/conurbanodiario.com.ar\/index.php?rest_route=%2Fwp%2Fv2%2Fmedia&parent=74630"}],"wp:term":[{"taxonomy":"category","embeddable":true,"href":"http:\/\/conurbanodiario.com.ar\/index.php?rest_route=%2Fwp%2Fv2%2Fcategories&post=74630"},{"taxonomy":"post_tag","embeddable":true,"href":"http:\/\/conurbanodiario.com.ar\/index.php?rest_route=%2Fwp%2Fv2%2Ftags&post=74630"}],"curies":[{"name":"wp","href":"https:\/\/api.w.org\/{rel}","templated":true}]}}