{"id":74621,"date":"2024-06-12T01:05:00","date_gmt":"2024-06-12T04:05:00","guid":{"rendered":"https:\/\/conurbanodiario.com.ar\/?p=74621"},"modified":"2024-06-11T18:21:11","modified_gmt":"2024-06-11T21:21:11","slug":"varias-minutas-dirigidas-a-la-lla-en-la-sesion-ordinaria-de-este-martes","status":"publish","type":"post","link":"http:\/\/conurbanodiario.com.ar\/?p=74621","title":{"rendered":"Varias minutas dirigidas a la LLA en la sesi\u00f3n ordinaria de este martes"},"content":{"rendered":"\n<p>El presidente del Honorable Concejo Deliberante de Quilmes Fabio Baez, en una nueva convocatoria, volvi\u00f3 a reunir a los concejales que sesionaron con una agenda basada en varios pedidos, a trav\u00e9s de minutas de comunicaci\u00f3n verbal, dirigidos a los representantes de LLA Quilmes, para que intercedan ante el Gobierno Nacional y den cumplimiento a las obligaciones que este tiene con la sociedad en materia de seguridad, discapacidad y obra p\u00fablica.<\/p>\n\n\n\n<p><strong>Seguridad<\/strong><\/p>\n\n\n\n<p>La concejala Eva Mieri, que hizo referencia al homicidio en ocasi\u00f3n de robo del joven Carlos Paredes ocurrido en Bernal Oeste, y \u201cAl vaciamiento de pol\u00edticas p\u00fablicas para la seguridad de los argentinos\u201d, &nbsp;solicit\u00f3 \u201cLa inmediata reincorporaci\u00f3n de las Fuerzas de Seguridad PSA que se encontraban desempe\u00f1ando sus tareas en Bernal Oeste; puesta en funcionamiento del despliegue de las Fuerzas Federales, Prefectura, Polic\u00eda y Gendarmer\u00eda a lo largo y ancho del distrito y la urgente reasignaci\u00f3n del Fondo de Fortalecimiento Fiscal (FOFOFI) que significa un fondo fundamental asignado para garantizar la seguridad de la PBA\u201d.<\/p>\n\n\n\n<p><strong>Discapacidad<\/strong><\/p>\n\n\n\n<p>Otra de las minutas verbales aprobadas, fue la de la edila Evelin Giancrist\u00f3foro, quien pidi\u00f3 que, \u201cEl Gobierno de la Naci\u00f3n interceda ante la decisi\u00f3n de la Agencia Nacional de Discapacidad, (ANDIS) de detener y desdoblar las prestaciones para este sector y proceda a informar qu\u00e9 respuestas le dar\u00e1n a las personas con discapacidad que no puedan costear sus tratamientos\u201d.<\/p>\n\n\n\n<p><strong>Obra P\u00fablica<\/strong><\/p>\n\n\n\n<p>Florencia Esteche, al igual que sus pares, inst\u00f3 a que \u201cEl Gobierno de la Naci\u00f3n informe listado de obras paralizadas en Quilmes; porcentaje de avance de las obras que paralizaron en el distrito; informaci\u00f3n sobre los proyectos presentados por la secretar\u00eda de Desarrollo Urbano y Obra P\u00fablica del Municipio de Quilmes frente a la autoridad competente sobre la continuidad de los financiamientos y desembolsos pendientes\u201d.<\/p>\n\n\n\n<p><strong>Minuta Repudio<\/strong><\/p>\n\n\n\n<p>La concejala Karina Jara repudi\u00f3 el \u201cProyecto de Ley Bases impulsado por el Gobierno Nacional en perjuicio de los trabajadores y las pol\u00edticas de hambre y entrega de la Soberan\u00eda\u201d.<\/p>\n\n\n\n<p>Tambi\u00e9n fue aprobada la minuta verbal a trav\u00e9s de la cual se pide el retiro de residuos reciclables de la zona de Otamendi Bis desde Avenida Lamadrid hasta Boedo de Bernal Oeste, en las horas asignadas, en el marco del \u201cPrograma Quilmes Recicla\u201d.<\/p>\n\n\n\n<p><strong>Ordenanzas<\/strong><\/p>\n\n\n\n<p>Entre las ordenanzas aprobadas se destaca la creaci\u00f3n del \u201cPrograma Municipal de Promoci\u00f3n, Captaci\u00f3n, Difusi\u00f3n y Concientizaci\u00f3n para la Donaci\u00f3n de Sangre y M\u00e9dula \u00d3sea\u201d, que consiste en la promoci\u00f3n de colectas de donaci\u00f3n, capacitaci\u00f3n de donantes de m\u00e9dula \u00f3sea, realizaci\u00f3n y difusi\u00f3n de contenidos audiovisuales y gr\u00e1ficos de educaci\u00f3n y concientizaci\u00f3n respecto a la importancia de la donaci\u00f3n voluntaria de sangre, m\u00e9dula \u00f3sea y de la incorporaci\u00f3n en el Registro Nacional de Donantes de C\u00e9lulas Progenitoras Hematopoy\u00e9ticas (CPH).<\/p>\n\n\n\n<p><strong>Mociones aprobadas<\/strong><\/p>\n\n\n\n<p>Fue aprobada por el Cuerpo la moci\u00f3n presentada por el concejal Ariel Burtoli, quien hizo referencia al acto de violencia que sufri\u00f3 d\u00edas atr\u00e1s, cuando sobre su veh\u00edculo encontr\u00f3 una pintada agresiva. El hecho ocurri\u00f3 a la salida del cementerio de Ezpeleta luego del acto homenaje a los fusilados de 1956 y agradeci\u00f3 a quienes se solidarizaron. El edil radic\u00f3 la denuncia ante la Fiscal\u00eda N\u00b0 11 de Quilmes. Otra de las mociones aprobadas fue la de la concejala Daniela Ferreyra quien pidi\u00f3 que un militante de la oposici\u00f3n sea sacado del recinto tras haber recibido por parte del se\u00f1alado por Ferreyra, un mensaje intimidatorio a trav\u00e9s de la red social X, el cual ley\u00f3 durante la sesi\u00f3n, y cuyas palabras fueron, \u201cTe vamos a cerrar la boca ac\u00e1 o adentro de la universidad\u201d.<\/p>\n","protected":false},"excerpt":{"rendered":"<p>El presidente del Honorable Concejo Deliberante de Quilmes Fabio Baez, en una nueva convocatoria, volvi\u00f3&#8230;<\/p>\n","protected":false},"author":1,"featured_media":74622,"comment_status":"closed","ping_status":"closed","sticky":false,"template":"","format":"standard","meta":{"footnotes":""},"categories":[35],"tags":[],"class_list":["post-74621","post","type-post","status-publish","format-standard","has-post-thumbnail","hentry","category-politica"],"_links":{"self":[{"href":"http:\/\/conurbanodiario.com.ar\/index.php?rest_route=\/wp\/v2\/posts\/74621","targetHints":{"allow":["GET"]}}],"collection":[{"href":"http:\/\/conurbanodiario.com.ar\/index.php?rest_route=\/wp\/v2\/posts"}],"about":[{"href":"http:\/\/conurbanodiario.com.ar\/index.php?rest_route=\/wp\/v2\/types\/post"}],"author":[{"embeddable":true,"href":"http:\/\/conurbanodiario.com.ar\/index.php?rest_route=\/wp\/v2\/users\/1"}],"replies":[{"embeddable":true,"href":"http:\/\/conurbanodiario.com.ar\/index.php?rest_route=%2Fwp%2Fv2%2Fcomments&post=74621"}],"version-history":[{"count":1,"href":"http:\/\/conurbanodiario.com.ar\/index.php?rest_route=\/wp\/v2\/posts\/74621\/revisions"}],"predecessor-version":[{"id":74623,"href":"http:\/\/conurbanodiario.com.ar\/index.php?rest_route=\/wp\/v2\/posts\/74621\/revisions\/74623"}],"wp:featuredmedia":[{"embeddable":true,"href":"http:\/\/conurbanodiario.com.ar\/index.php?rest_route=\/wp\/v2\/media\/74622"}],"wp:attachment":[{"href":"http:\/\/conurbanodiario.com.ar\/index.php?rest_route=%2Fwp%2Fv2%2Fmedia&parent=74621"}],"wp:term":[{"taxonomy":"category","embeddable":true,"href":"http:\/\/conurbanodiario.com.ar\/index.php?rest_route=%2Fwp%2Fv2%2Fcategories&post=74621"},{"taxonomy":"post_tag","embeddable":true,"href":"http:\/\/conurbanodiario.com.ar\/index.php?rest_route=%2Fwp%2Fv2%2Ftags&post=74621"}],"curies":[{"name":"wp","href":"https:\/\/api.w.org\/{rel}","templated":true}]}}