{"id":74608,"date":"2024-06-14T01:08:00","date_gmt":"2024-06-14T04:08:00","guid":{"rendered":"https:\/\/conurbanodiario.com.ar\/?p=74608"},"modified":"2024-06-11T17:05:00","modified_gmt":"2024-06-11T20:05:00","slug":"un-berazateguense-convocado-para-colaborar-en-el-entrenamiento-de-un-jugador-de-la-premier-league","status":"publish","type":"post","link":"http:\/\/conurbanodiario.com.ar\/?p=74608","title":{"rendered":"UN BERAZATEGUENSE CONVOCADO PARA COLABORAR EN EL ENTRENAMIENTO DE UN JUGADOR DE LA PREMIER LEAGUE"},"content":{"rendered":"\n<p><strong>Homero D\u00edaz, director del Centro de Rehabilitaci\u00f3n Deportiva de la Municipalidad de Berazategui, form\u00f3 parte del grupo de trabajo que colabor\u00f3 con el entrenamiento de Julio Enciso, jugador de la Selecci\u00f3n de Paraguay y del Brighton and Hove Albion de la Premier League de Inglaterra.<\/strong><\/p>\n\n\n\n<p>\u201cEstoy muy orgulloso de haber participado en la recuperaci\u00f3n de Julio Enciso en Inglaterra, as\u00ed como en las evaluaciones y preparaci\u00f3n f\u00edsica para el torneo que viene, la Copa Am\u00e9rica. Junto al staff m\u00e9dico del jugador se logr\u00f3 que su estado de salud sea \u00f3ptimo, de manera que pudo jugar en los partidos del tramo final de la temporada\u201d, explic\u00f3 D\u00edaz, quien tambi\u00e9n se desempe\u00f1\u00f3 como futbolista profesional entre 2000 y 2014, con m\u00e1s de 350 partidos disputados.<\/p>\n\n\n\n<p>\u201cAhora estoy nuevamente en Berazategui, atendiendo en el CRD a todos los vecinos y vecinas que hayan sufrido alguna lesi\u00f3n deportiva. Agradecemos la gesti\u00f3n del Dr. Mussi que apuesta a estos espacios libres y gratuitos de Salud P\u00fablica\u201d, concluy\u00f3 el profesional.<\/p>\n\n\n\n<h2 class=\"wp-block-heading\"><strong>CRD: M\u00e1s de 10 a\u00f1os al servicio de los deportistas de Berazategui<\/strong><\/h2>\n\n\n\n<p>Este espacio ofrece fisioterapia (magnetoterapia, ultrasonido, corrientes rusas, l\u00e1ser, electro-analgesia, termoterapia y tecarterapia) en un gimnasio equipado con materiales de coordinaci\u00f3n y propiocepci\u00f3n, entre otros elementos de \u00faltima generaci\u00f3n. Adem\u00e1s, cuenta con un equipo de electromedicina y un sector externo con superficie de c\u00e9sped sint\u00e9tico para la readaptaci\u00f3n del deportista. Estos servicios son brindados por personal ampliamente capacitado.<\/p>\n\n\n\n<p>El Centro tambi\u00e9n ofrece higiene postural, trabajo de campo, traumatolog\u00eda, terapias manuales, kinesiolog\u00eda convencional, rehabilitaci\u00f3n cardiovascular, punci\u00f3n seca, tapping neuromuscular y terapia neum\u00e1tica. Asimismo, utiliza los distintos espacios del Club Municipal Ducilo para el proceso de readaptaci\u00f3n de sus pacientes.<\/p>\n\n\n\n<p>El CRD brinda atenci\u00f3n \u00fanicamente con turno previo, que se puede obtener all\u00ed mismo o llamando al 4356-4107, de lunes a viernes de 8.00 a 18.00.<\/p>\n","protected":false},"excerpt":{"rendered":"<p>Homero D\u00edaz, director del Centro de Rehabilitaci\u00f3n Deportiva de la Municipalidad de Berazategui, form\u00f3 parte&#8230;<\/p>\n","protected":false},"author":1,"featured_media":74609,"comment_status":"closed","ping_status":"closed","sticky":false,"template":"","format":"standard","meta":{"footnotes":""},"categories":[32],"tags":[],"class_list":["post-74608","post","type-post","status-publish","format-standard","has-post-thumbnail","hentry","category-deportes"],"_links":{"self":[{"href":"http:\/\/conurbanodiario.com.ar\/index.php?rest_route=\/wp\/v2\/posts\/74608","targetHints":{"allow":["GET"]}}],"collection":[{"href":"http:\/\/conurbanodiario.com.ar\/index.php?rest_route=\/wp\/v2\/posts"}],"about":[{"href":"http:\/\/conurbanodiario.com.ar\/index.php?rest_route=\/wp\/v2\/types\/post"}],"author":[{"embeddable":true,"href":"http:\/\/conurbanodiario.com.ar\/index.php?rest_route=\/wp\/v2\/users\/1"}],"replies":[{"embeddable":true,"href":"http:\/\/conurbanodiario.com.ar\/index.php?rest_route=%2Fwp%2Fv2%2Fcomments&post=74608"}],"version-history":[{"count":1,"href":"http:\/\/conurbanodiario.com.ar\/index.php?rest_route=\/wp\/v2\/posts\/74608\/revisions"}],"predecessor-version":[{"id":74610,"href":"http:\/\/conurbanodiario.com.ar\/index.php?rest_route=\/wp\/v2\/posts\/74608\/revisions\/74610"}],"wp:featuredmedia":[{"embeddable":true,"href":"http:\/\/conurbanodiario.com.ar\/index.php?rest_route=\/wp\/v2\/media\/74609"}],"wp:attachment":[{"href":"http:\/\/conurbanodiario.com.ar\/index.php?rest_route=%2Fwp%2Fv2%2Fmedia&parent=74608"}],"wp:term":[{"taxonomy":"category","embeddable":true,"href":"http:\/\/conurbanodiario.com.ar\/index.php?rest_route=%2Fwp%2Fv2%2Fcategories&post=74608"},{"taxonomy":"post_tag","embeddable":true,"href":"http:\/\/conurbanodiario.com.ar\/index.php?rest_route=%2Fwp%2Fv2%2Ftags&post=74608"}],"curies":[{"name":"wp","href":"https:\/\/api.w.org\/{rel}","templated":true}]}}