{"id":74580,"date":"2024-06-12T01:08:00","date_gmt":"2024-06-12T04:08:00","guid":{"rendered":"https:\/\/conurbanodiario.com.ar\/?p=74580"},"modified":"2024-06-11T15:30:01","modified_gmt":"2024-06-11T18:30:01","slug":"kicillof-le-reclamo-a-milei-que-devuelva-los-63-billones-de-pesos-que-le-deben-a-los-17-millones-de-bonaerenses","status":"publish","type":"post","link":"http:\/\/conurbanodiario.com.ar\/?p=74580","title":{"rendered":"KICILLOF LE RECLAM\u00d3 A MILEI QUE &#8220;DEVUELVA LOS 6,3 BILLONES DE PESOS QUE LE DEBEN A LOS 17 MILLONES DE BONAERENSES&#8221;"},"content":{"rendered":"\n<p>El gobernador de la provincia de Buenos Aires, Axel Kicillof, afirm\u00f3 este martes que&nbsp;la administraci\u00f3n nacional le adeuda \u201ca los 17 millones de bonaerenses\u201d un total de 6,3 billones de pesos&nbsp;y analiz\u00f3 que el presidente Javier Milei \u201cdecidi\u00f3 cancelar y suspender de manera ilegal y arbitraria\u201d.<\/p>\n\n\n\n<p>\u201cEl resultado de estos seis meses de gobierno es calamitoso.&nbsp;Lo de Milei fue una estafa electoral: dijo que el ajuste lo pagar\u00eda la casta, pero lo est\u00e1 pagando el pueblo\u201d, subray\u00f3 el mandatario bonaerense y reclam\u00f3: \u201cNecesitamos que parte esta locura\u201d.<\/p>\n\n\n\n<p>El economista formul\u00f3 esas declaraciones en una conferencia de prensa en la Casa de la Provincia despu\u00e9s de que los ministros de su gabinete y unos 30 intendentes presentaran en el Ministerio de Econom\u00eda de la Naci\u00f3n una nota dirigida a su titular, Luis Caputo, en la que&nbsp;reclamaron formalmente por la deuda de fondos que la Naci\u00f3n mantiene con la jurisdicci\u00f3n m\u00e1s poblada de la Argentina.<\/p>\n\n\n\n<p>\u201cPresentamos este reclamo en nombre de los 135 intendentes bonaerenses de todos los partidos, y en nombre de los 17 millones de bonaerenses que son los damnificados, las v\u00edctimas de estos recortes despiadados y absolutamente ilegales\u201d, expuso.<\/p>\n\n\n\n<p>La semana pasada, el gobierno bonaerense hab\u00eda denunciado que la administraci\u00f3n de Javier Milei aplica un \u201cplan sistem\u00e1tico de asfixia financiera\u201d contra Buenos Aires, debido al recorte de fondos y transferencias.<\/p>\n\n\n\n<p>\u201cEl reclamo lo hicimos por nota, por v\u00eda administrativa, de manera informal y con presentaciones ante la Corre. Hoy concurrieron miembros del gabinete y jefes comunales para presentar un petitorio formal en el Ministerio de Econom\u00eda.&nbsp;Le pedimos al ministro de Econom\u00eda ya tres reuniones y nunca recibimos respuesta\u201d, plante\u00f3 Kicillof y admiti\u00f3 tener la esperanza de que el Gobierno nacional reciba a las autoridades provinciales para discutir esas cuestiones.<\/p>\n\n\n\n<p>Sostuvo que ya se trata \u201cde recursos que -de manera ilegal, arbitraria e incumpliendo compromisos normativos y legales en base a acuerdos firmados- el presidente decidi\u00f3 cancelar y suspender\u201d.<\/p>\n\n\n\n<p>Aclar\u00f3 el gobernador que&nbsp;\u201cla provincia se encuentra discriminada en los recursos que recibe\u201d dado que \u201caporta el 40% de todos los recursos tributarios de la rep\u00fablica Argentina y por el sistema de coparticipaci\u00f3n recibe solamente el 20%\u201d&nbsp;y plante\u00f3 que \u201cla provincia tiene el menor presupuesto por habitante de todas las provincias, contando recursos nacionales y propios\u201d.<\/p>\n\n\n\n<p>\u201cEsas ideas de que la provincia tiene impuestazos, que recibe mucho o que gasta demasiado, est\u00e1 divorciado de la realidad\u201d, enfatiz\u00f3 Kicillof y grafic\u00f3 que la de Buenos Aires \u201ces la provincia que menos gasta de la Argentina, la m\u00e1s austera\u201d.<\/p>\n\n\n\n<p>Adem\u00e1s, expuso que&nbsp;\u201ces la segunda provincia que menos trabajadores p\u00fablicos tiene por habitante. Es la que tiene el Estado m\u00e1s peque\u00f1o de la Argentina. Esto es objetivo e indiscutible\u201d.<\/p>\n\n\n\n<p>Luego, asever\u00f3 que \u201clos recursos que recort\u00f3 Milei a la provincia de Buenos Aires, con desprecio al car\u00e1cter federal, implican&nbsp;actos ilegales&nbsp;porque tenemos normas, leyes y presupuestos que sustentan las transferencias que se realizaron y dejan en claro el incumplimiento\u201d.<\/p>\n\n\n\n<p>En la conferencia de prensa, el mandatario recalc\u00f3: \u201cHablan de recursos \u2018discrecionales\u2019 para justificar el desastre. Hay recursos autom\u00e1ticos, los de la masa coparticipable, y otros no autom\u00e1ticos. Eso no los convierte en discrecionales, sino que su transferencia requiere de una decisi\u00f3n administrativa, normativas y convenios\u201d.<\/p>\n\n\n\n<p>Rememor\u00f3 que&nbsp;hay cuatro presentaciones presentadas por la provincia ante la Corte Suprema de Justicia y entendi\u00f3 que ese tribunal ahora debe resolver \u201csobre la ilegalidad en que incurri\u00f3 el gobierno nacional\u201d.<\/p>\n\n\n\n<p>\u201cAlgo que agrava estos pedidos es que determinados impuestos que recibe la Naci\u00f3n -como el Fondo Vial o el Impuesto Pa\u00eds- son para aplicaci\u00f3n espec\u00edfica en obras y no lo est\u00e1 haciendo. Recauda el dinero, pero se lo queda y no hace obras. Son compromisos legalmente establecidos, no depende de qu\u00e9 ideolog\u00eda tengas, de si sos anarcocapitalista o de la escuela austr\u00edaca\u201d, complet\u00f3.<\/p>\n\n\n\n<p>Posteriormente, Kicillof remarc\u00f3: \u201cNo vamos a ser c\u00f3mplices de la deserci\u00f3n del gobierno nacional. Este reclamo incluye la terminaci\u00f3n de todas las obras en los 135 municipios bonaerenses\u201d y agreg\u00f3 que \u201clas provincias tienen cada vez menos recursos\u201d.<\/p>\n\n\n\n<p>\u201cQuieren fundir, asfixiar y ahorcar a las provincias. Hicieron la devaluaci\u00f3n m\u00e1s fuerte de la historia, desregularon a los sectores concentrados y monop\u00f3licos sin cuidado al consumidor; ajustaron a jubilados; hicieron tarifazos, ajuste en obra p\u00fablica y ajuste a provincias. Eso da un presunto super\u00e1vit\u201d, describi\u00f3 el gobernador.<\/p>\n\n\n\n<p>As\u00ed, enfatiz\u00f3 que \u201cen la provincia se perdieron 94 puestos de trabajo registrado formales, se registra un proceso de desindustrializaci\u00f3n, de aumento en la pobreza e indigencia\u201d.<\/p>\n\n\n\n<p>El mandatario tambi\u00e9n&nbsp;se pronunci\u00f3 contra la Ley Bases, dijo que&nbsp;\u201cno puede aprobarse el RIGI\u201d,&nbsp;rechaz\u00f3 las \u201cpropuestas de privatizaciones de empresas p\u00fablicas\u201d&nbsp;y&nbsp;critic\u00f3 el \u201cdesmantelamiento de la ciencia y las universidades p\u00fablicas\u201d.<\/p>\n\n\n\n<p>\u201cEste mi\u00e9rcoles la provincia en su conjunto convoca a la marcha que se va a realizar a las 10 en la Plaza de los dos Congresos para manifestar que estas medidas de Milei est\u00e1n a la vista\u201d, apunt\u00f3.<\/p>\n\n\n\n<p>Desde el Poder Ejecutivo bonaerense se especific\u00f3 que&nbsp;la deuda directa del gobierno nacional con la provincia es de 1.718.244 millones; el saldo de obra p\u00fablica comprometida por el gobierno nacional en la provincia es por 4.463.230 millones; la deuda por discontinuidad en programas nacionales es de 26.777 millones y otros reclamos ascienden a 73.539 millones. La deuda total es de 6,3.<\/p>\n\n\n\n<p>\u201cQueremos defender los intereses de los 17 millones de bonaerenses. Vamos a seguir reclamando sin entrar en chicanas, ni provocaciones\u201d, concluy\u00f3 Kicillof.<\/p>\n\n\n\n<h2 class=\"wp-block-heading\"><strong>El detalle de la deuda<\/strong><\/h2>\n\n\n\n<p>Anses&nbsp;debe a la caja provincial&nbsp;716 mil millones de pesos; por las compensaciones previstas en el&nbsp;Consenso Fiscal,&nbsp;447 mil millones; por el&nbsp;Fondo de Fortalecimiento Fiscal, 320 mil millones; por el&nbsp;Convenio de Asistencia Financiera, 76 mil millones; por el&nbsp;Fondo Nacional de Incentivo Docente, 74 mil millones; por&nbsp;Equipamiento para diagn\u00f3stico por im\u00e1genes, 30 mil millones; por la&nbsp;Venta de Energ\u00eda generada por Centrales de la Costa, 15 mil millones.<\/p>\n\n\n\n<p>En tanto, por el&nbsp;Fondo para Infraestructura Portuaria, se deben 10 mil millones; por el&nbsp;Fondo de Compensaci\u00f3n del Transporte del Interior, 10 mil millones; por el&nbsp;Programa para la Jornada Completa en Educaci\u00f3n, 5 mil millones; por&nbsp;Fondos para la compra de Vacunas, casi 3 mil millones; por programas de&nbsp;Maternidad y Medicamentos, 2 mil millones de pesos; por&nbsp;Programas de mejora educativa, 2 mil millones, y por otros fondos, 3 mil millones.<\/p>\n\n\n\n<p>En cuanto a&nbsp;obras p\u00fablicas, son 180 los trabajos que&nbsp;estaban siendo ejecutados y quedaron abandonados por 2.35 billones; por el programa&nbsp;PoCreAr&nbsp;hab\u00eda 105 convenios para hacer 6.500 casas por&nbsp;1 bill\u00f3n; por convenios de Naci\u00f3n con municipios para&nbsp;755 obras se adeudan 400 mil millones&nbsp;y se paralizaron&nbsp;Programas de construcci\u00f3n de 9.000 viviendas por 240 mil millones.<\/p>\n\n\n\n<p>Adem\u00e1s, se frenaron&nbsp;convenios con provincia para 128 obras por 225 mil millones&nbsp;y el env\u00edo de&nbsp;fondos para saneamiento de grandes basurales por 60 millones; en concepto de&nbsp;obras de infraestructura de convenios tripartitos entre Naci\u00f3n, provincia y municipios, se deben 43 mil millones; por las&nbsp;40 obras de infraestructura por programas nacionales, 28 mil millones, para las&nbsp;universidades nacionales con sede en la provincia, 27 mil millones; por&nbsp;obras en el Hospital El Cruce de Florencio Varela por 21 mil millones&nbsp;y por el&nbsp;Plan de Infraestructura penitenciaria se adeudan 15 mil millones y por otra obras 47 mil millones.<\/p>\n\n\n\n<p>A la vez, por el&nbsp;Programa Fines se deben 13 mil millones; por el&nbsp;Programa Sumar, 4.700 millones; por el&nbsp;Cucaiba, 1.600 millones; por el&nbsp;Programa VIH, 1.100 millones; por el&nbsp;Potenciar Trabajo, 1.000 millones; y por&nbsp;Incluir Salud, 910 millones.<\/p>\n\n\n\n<p>Por&nbsp;obras y refacciones en clubes de barrio, se adeudan 629 millones; por&nbsp;obras en polideportivos, 440 millones; por&nbsp;gesti\u00f3n educativa, 395; por&nbsp;programas culturales, 300 millones; por otros programas, 2.000 millones.<\/p>\n\n\n\n<p>Otro reclamo tiene que ver con la obligaci\u00f3n de asistir a la provincia para el servicio alimentario escolar, el programa MESA, y comedores, los programas para cel\u00edacos, dinero para cat\u00e1strofes y temporales.<\/p>\n\n\n\n<p>Al sumar todos esos montos, la deuda total que tiene el gobierno es de 6,3 billones de pesos.<\/p>\n","protected":false},"excerpt":{"rendered":"<p>El gobernador de la provincia de Buenos Aires, Axel Kicillof, afirm\u00f3 este martes que&nbsp;la administraci\u00f3n&#8230;<\/p>\n","protected":false},"author":1,"featured_media":74581,"comment_status":"closed","ping_status":"closed","sticky":false,"template":"","format":"standard","meta":{"footnotes":""},"categories":[35],"tags":[],"class_list":["post-74580","post","type-post","status-publish","format-standard","has-post-thumbnail","hentry","category-politica"],"_links":{"self":[{"href":"http:\/\/conurbanodiario.com.ar\/index.php?rest_route=\/wp\/v2\/posts\/74580","targetHints":{"allow":["GET"]}}],"collection":[{"href":"http:\/\/conurbanodiario.com.ar\/index.php?rest_route=\/wp\/v2\/posts"}],"about":[{"href":"http:\/\/conurbanodiario.com.ar\/index.php?rest_route=\/wp\/v2\/types\/post"}],"author":[{"embeddable":true,"href":"http:\/\/conurbanodiario.com.ar\/index.php?rest_route=\/wp\/v2\/users\/1"}],"replies":[{"embeddable":true,"href":"http:\/\/conurbanodiario.com.ar\/index.php?rest_route=%2Fwp%2Fv2%2Fcomments&post=74580"}],"version-history":[{"count":2,"href":"http:\/\/conurbanodiario.com.ar\/index.php?rest_route=\/wp\/v2\/posts\/74580\/revisions"}],"predecessor-version":[{"id":74583,"href":"http:\/\/conurbanodiario.com.ar\/index.php?rest_route=\/wp\/v2\/posts\/74580\/revisions\/74583"}],"wp:featuredmedia":[{"embeddable":true,"href":"http:\/\/conurbanodiario.com.ar\/index.php?rest_route=\/wp\/v2\/media\/74581"}],"wp:attachment":[{"href":"http:\/\/conurbanodiario.com.ar\/index.php?rest_route=%2Fwp%2Fv2%2Fmedia&parent=74580"}],"wp:term":[{"taxonomy":"category","embeddable":true,"href":"http:\/\/conurbanodiario.com.ar\/index.php?rest_route=%2Fwp%2Fv2%2Fcategories&post=74580"},{"taxonomy":"post_tag","embeddable":true,"href":"http:\/\/conurbanodiario.com.ar\/index.php?rest_route=%2Fwp%2Fv2%2Ftags&post=74580"}],"curies":[{"name":"wp","href":"https:\/\/api.w.org\/{rel}","templated":true}]}}