{"id":74561,"date":"2024-06-11T01:09:00","date_gmt":"2024-06-11T04:09:00","guid":{"rendered":"https:\/\/conurbanodiario.com.ar\/?p=74561"},"modified":"2024-06-10T21:20:05","modified_gmt":"2024-06-11T00:20:05","slug":"varela-reprogramacion-de-la-clinica-de-voley","status":"publish","type":"post","link":"http:\/\/conurbanodiario.com.ar\/?p=74561","title":{"rendered":"VARELA: REPROGRAMACI\u00d3N DE LA CL\u00cdNICA DE V\u00d3LEY"},"content":{"rendered":"\n<p>Asignan como nueva fecha para el encuentro gratuito a cargo del medallista ol\u00edmpico en Se\u00fal 1988 -Jon Uriarte- el martes 25 de junio a partir de las 8.30 hs. en el Polideportivo Municipal \u201cLa Patriada\u201d -Av. Novak y Bonn-.<\/p>\n\n\n\n<p>Respecto al evento, impulsado por la Comuna en coordinaci\u00f3n con el gobierno bonaerense, Uriarte narra: \u00abHace m\u00e1s de tres a\u00f1os, recorro la provincia con esta capacitaci\u00f3n cuyo objetivo primordial es articular el conocimiento del p\u00fablico con mi experiencia y formaci\u00f3n\u00bb. \u00abUn intercambio enriquecedor\u00bb, sintetiza.<\/p>\n\n\n\n<p>Con relaci\u00f3n a la propuesta, detalla \u00abdos m\u00f3dulos: uno te\u00f3rico, por la ma\u00f1ana, sobre la iniciaci\u00f3n en la actividad e introducci\u00f3n a la competencia; por la tarde, un equipo har\u00e1 un entrenamiento y practicar\u00e1 lo conversado anteriormente\u201d.<\/p>\n\n\n\n<p>El atleta destaca \u201cla municipalizaci\u00f3n del deporte para garantizar el acceso de todos y todas\u00bb. Sobre la disciplina, remarca la posibilidad de \u00abrealizarla en cualquier plaza o potrero: estiras una soga entre dos \u00e1rboles y arm\u00e1s un partido, puede jugarse de manera mixta, con la familia en la playa, en el club\u00bb. \u00abPor eso, su gran crecimiento incluso dentro del sistema educativo\u201d, exclama.<\/p>\n\n\n\n<p>La inscripci\u00f3n a la iniciativa, abierta a toda la comunidad, consiste en completar el siguiente formulario https:\/\/forms.gle\/QuoyN8SWYSqZnweL6.<\/p>\n","protected":false},"excerpt":{"rendered":"<p>Asignan como nueva fecha para el encuentro gratuito a cargo del medallista ol\u00edmpico en Se\u00fal&#8230;<\/p>\n","protected":false},"author":1,"featured_media":74563,"comment_status":"closed","ping_status":"closed","sticky":false,"template":"","format":"standard","meta":{"footnotes":""},"categories":[32],"tags":[],"class_list":["post-74561","post","type-post","status-publish","format-standard","has-post-thumbnail","hentry","category-deportes"],"_links":{"self":[{"href":"http:\/\/conurbanodiario.com.ar\/index.php?rest_route=\/wp\/v2\/posts\/74561","targetHints":{"allow":["GET"]}}],"collection":[{"href":"http:\/\/conurbanodiario.com.ar\/index.php?rest_route=\/wp\/v2\/posts"}],"about":[{"href":"http:\/\/conurbanodiario.com.ar\/index.php?rest_route=\/wp\/v2\/types\/post"}],"author":[{"embeddable":true,"href":"http:\/\/conurbanodiario.com.ar\/index.php?rest_route=\/wp\/v2\/users\/1"}],"replies":[{"embeddable":true,"href":"http:\/\/conurbanodiario.com.ar\/index.php?rest_route=%2Fwp%2Fv2%2Fcomments&post=74561"}],"version-history":[{"count":1,"href":"http:\/\/conurbanodiario.com.ar\/index.php?rest_route=\/wp\/v2\/posts\/74561\/revisions"}],"predecessor-version":[{"id":74564,"href":"http:\/\/conurbanodiario.com.ar\/index.php?rest_route=\/wp\/v2\/posts\/74561\/revisions\/74564"}],"wp:featuredmedia":[{"embeddable":true,"href":"http:\/\/conurbanodiario.com.ar\/index.php?rest_route=\/wp\/v2\/media\/74563"}],"wp:attachment":[{"href":"http:\/\/conurbanodiario.com.ar\/index.php?rest_route=%2Fwp%2Fv2%2Fmedia&parent=74561"}],"wp:term":[{"taxonomy":"category","embeddable":true,"href":"http:\/\/conurbanodiario.com.ar\/index.php?rest_route=%2Fwp%2Fv2%2Fcategories&post=74561"},{"taxonomy":"post_tag","embeddable":true,"href":"http:\/\/conurbanodiario.com.ar\/index.php?rest_route=%2Fwp%2Fv2%2Ftags&post=74561"}],"curies":[{"name":"wp","href":"https:\/\/api.w.org\/{rel}","templated":true}]}}