{"id":74490,"date":"2024-06-13T01:06:00","date_gmt":"2024-06-13T04:06:00","guid":{"rendered":"https:\/\/conurbanodiario.com.ar\/?p=74490"},"modified":"2024-06-06T23:40:32","modified_gmt":"2024-06-07T02:40:32","slug":"encuentro-para-profundizar-la-palabra-a-cargo-de-eduardo-de-la-serna-2","status":"publish","type":"post","link":"http:\/\/conurbanodiario.com.ar\/?p=74490","title":{"rendered":"ENCUENTRO PARA PROFUNDIZAR LA PALABRA A CARGO DE EDUARDO DE LA SERNA"},"content":{"rendered":"\n<p>La Comisi\u00f3n B\u00edblica de la Di\u00f3cesis de Quilmes invita el\u00a0s\u00e1bado 15 de junio\u00a0entre las 15.00 y las 17.00 h a un\u00a0<strong>encuentro para profundizar la Palabra<\/strong>\u00a0<em>\u00aben torno a la Oraci\u00f3n y la Acci\u00f3n\u00bb<\/em>.<br><br>En esta oportunidad el tema ser\u00e1<em><strong>\u00a0\u00abPablo, la puesta en pr\u00e1ctica de la Solidaridad\u00bb<\/strong><\/em>\u00a0y estar\u00e1 a cargo del\u00a0<strong>Padre Eduardo de la Serna<\/strong>, Doctor en Teolog\u00eda.\u00a0<br><br>Esta jornada, del ciclo de encuentro\u00a0<em>\u00abLa Biblia Hoy\u00bb<\/em>\u00a0se realizar\u00e1 en la Casa de la Catequesis (Av. Calchaqu\u00ed 1371, Quilmes Oeste, frente a la Parroquia Nuestra Se\u00f1ora de Lourdes).<br><br>Se invita a hacer una colaboraci\u00f3n voluntaria de 2.000 pesos.<br><br>Para m\u00e1s informaci\u00f3n escribir a\u00a0<a href=\"mailto:quilmes.cbd@gmail.com\">quilmes.cbd@gmail.com<\/a>\u00a0o en\u00a0<a href=\"https:\/\/envios.obisquil.org.ar\/c\/nqrpex\/nsznbwff\/buk0nuuyegw\" target=\"_blank\" rel=\"noreferrer noopener\">Facebook.com\/Comisionbiblicaquilmes<\/a>\u00a0<\/p>\n","protected":false},"excerpt":{"rendered":"<p>La Comisi\u00f3n B\u00edblica de la Di\u00f3cesis de Quilmes invita el\u00a0s\u00e1bado 15 de junio\u00a0entre las 15.00&#8230;<\/p>\n","protected":false},"author":1,"featured_media":74491,"comment_status":"closed","ping_status":"closed","sticky":false,"template":"","format":"standard","meta":{"footnotes":""},"categories":[3],"tags":[],"class_list":["post-74490","post","type-post","status-publish","format-standard","has-post-thumbnail","hentry","category-informacion-general"],"_links":{"self":[{"href":"http:\/\/conurbanodiario.com.ar\/index.php?rest_route=\/wp\/v2\/posts\/74490","targetHints":{"allow":["GET"]}}],"collection":[{"href":"http:\/\/conurbanodiario.com.ar\/index.php?rest_route=\/wp\/v2\/posts"}],"about":[{"href":"http:\/\/conurbanodiario.com.ar\/index.php?rest_route=\/wp\/v2\/types\/post"}],"author":[{"embeddable":true,"href":"http:\/\/conurbanodiario.com.ar\/index.php?rest_route=\/wp\/v2\/users\/1"}],"replies":[{"embeddable":true,"href":"http:\/\/conurbanodiario.com.ar\/index.php?rest_route=%2Fwp%2Fv2%2Fcomments&post=74490"}],"version-history":[{"count":1,"href":"http:\/\/conurbanodiario.com.ar\/index.php?rest_route=\/wp\/v2\/posts\/74490\/revisions"}],"predecessor-version":[{"id":74492,"href":"http:\/\/conurbanodiario.com.ar\/index.php?rest_route=\/wp\/v2\/posts\/74490\/revisions\/74492"}],"wp:featuredmedia":[{"embeddable":true,"href":"http:\/\/conurbanodiario.com.ar\/index.php?rest_route=\/wp\/v2\/media\/74491"}],"wp:attachment":[{"href":"http:\/\/conurbanodiario.com.ar\/index.php?rest_route=%2Fwp%2Fv2%2Fmedia&parent=74490"}],"wp:term":[{"taxonomy":"category","embeddable":true,"href":"http:\/\/conurbanodiario.com.ar\/index.php?rest_route=%2Fwp%2Fv2%2Fcategories&post=74490"},{"taxonomy":"post_tag","embeddable":true,"href":"http:\/\/conurbanodiario.com.ar\/index.php?rest_route=%2Fwp%2Fv2%2Ftags&post=74490"}],"curies":[{"name":"wp","href":"https:\/\/api.w.org\/{rel}","templated":true}]}}